{"id":2756,"date":"2025-09-05T12:30:00","date_gmt":"2025-09-05T15:30:00","guid":{"rendered":"https:\/\/diariodepernambuco.audiencelabs.com.br\/?p=2756"},"modified":"2025-09-04T15:50:01","modified_gmt":"2025-09-04T18:50:01","slug":"cidade-conhecida-no-brasil-tera-radares-desligados-em-setembro","status":"publish","type":"post","link":"https:\/\/diariodepernambuco.audiencelabs.com.br\/cidade-conhecida-no-brasil-tera-radares-desligados-em-setembro\/","title":{"rendered":"Cidade conhecida no Brasil ter\u00e1 radares desligados em setembro"},"content":{"rendered":"\n<p>Os radares de fiscaliza\u00e7\u00e3o eletr\u00f4nica em Campo Grande, capital de Mato Grosso do Sul, foram desligados no domingo (31) para a substitui\u00e7\u00e3o por novos equipamentos. A interrup\u00e7\u00e3o \u00e9 tempor\u00e1ria e, de acordo com a Agetran (Ag\u00eancia Municipal de Transporte e Tr\u00e2nsito), a instala\u00e7\u00e3o deve ser conclu\u00edda at\u00e9 o fim de setembro.<\/p>\n\n\n\n<p>A substitui\u00e7\u00e3o dos radares de fiscaliza\u00e7\u00e3o em Campo Grande est\u00e1 sendo realizada por meio de um contrato de R$ 47,9 milh\u00f5es firmado entre a Agetran e a empresa Serget Mobilidade Vi\u00e1ria Ltda., de S\u00e3o Paulo. O novo sistema contar\u00e1 com leitura autom\u00e1tica de placas, videomonitoramento e controle de ru\u00eddo, com a proposta de refor\u00e7ar a fiscaliza\u00e7\u00e3o e reduzir o n\u00famero de infra\u00e7\u00f5es.<\/p>\n\n\n\n<p>At\u00e9 ent\u00e3o, a gest\u00e3o desses equipamentos estava a cargo do cons\u00f3rcio Cidade Morena, respons\u00e1vel desde 2018. Ap\u00f3s seis prorroga\u00e7\u00f5es consecutivas, o contrato chegou ao fim em 5 de setembro de 2024, com o t\u00e9rmino do \u00faltimo aditivo, e n\u00e3o foi renovado \u2014 deixando os radares sem cobertura contratual formal.<\/p>\n\n\n\n<p>Os testes dos novos equipamentos come\u00e7aram em 6 de agosto em pontos de grande movimento, como as avenidas Afonso Pena, J\u00falio de Castilho, Duque de Caxias e Gury Marques. Nesse per\u00edodo experimental, as infra\u00e7\u00f5es registradas n\u00e3o resultaram em multas, permitindo que os dispositivos fossem ajustados e calibrados corretamente.<\/p>\n\n\n\n<h2 class=\"wp-block-heading\">A substitui\u00e7\u00e3o dos radares de fiscaliza\u00e7\u00e3o em Campo Grande<\/h2>\n\n\n\n<ul class=\"wp-block-list\">\n<li>Desligamento tempor\u00e1rio: Radares foram desligados em 31 de agosto para a instala\u00e7\u00e3o de novos equipamentos.<\/li>\n<\/ul>\n\n\n\n<ul class=\"wp-block-list\">\n<li>Prazo de conclus\u00e3o: A previs\u00e3o da Agetran \u00e9 que a substitui\u00e7\u00e3o seja conclu\u00edda at\u00e9 o fim de setembro.<\/li>\n<\/ul>\n\n\n\n<ul class=\"wp-block-list\">\n<li>Contrato: Valor de R$ 47,9 milh\u00f5es, firmado entre a Agetran e a Serget Mobilidade Vi\u00e1ria Ltda., de S\u00e3o Paulo.<\/li>\n<\/ul>\n\n\n\n<ul class=\"wp-block-list\">\n<li>Novos equipamentos: Contar\u00e3o com leitura autom\u00e1tica de placas, videomonitoramento e controle de ru\u00eddo, visando melhorar a fiscaliza\u00e7\u00e3o e reduzir infra\u00e7\u00f5es.<\/li>\n<\/ul>\n\n\n\n<ul class=\"wp-block-list\">\n<li>Gest\u00e3o anterior: At\u00e9 5 de setembro de 2024, os radares eram administrados pelo cons\u00f3rcio Cidade Morena, que teve seis prorroga\u00e7\u00f5es consecutivas de contrato; ap\u00f3s o \u00faltimo aditivo, n\u00e3o houve renova\u00e7\u00e3o.<\/li>\n<\/ul>\n\n\n\n<ul class=\"wp-block-list\">\n<li>Testes: Iniciados em 6 de agosto em avenidas de grande circula\u00e7\u00e3o (Afonso Pena, J\u00falio de Castilho, Duque de Caxias e Gury Marques).<\/li>\n<\/ul>\n\n\n\n<ul class=\"wp-block-list\">\n<li>Fase experimental: Durante os testes, infra\u00e7\u00f5es n\u00e3o geraram multas, permitindo ajustes e calibra\u00e7\u00e3o dos radares.<\/li>\n<\/ul>\n\n\n\n<p><\/p>\n","protected":false},"excerpt":{"rendered":"<p>Os radares de fiscaliza\u00e7\u00e3o eletr\u00f4nica em Campo Grande, capital de Mato Grosso do Sul, foram desligados no domingo (31) para a substitui\u00e7\u00e3o por novos equipamentos. A interrup\u00e7\u00e3o \u00e9 tempor\u00e1ria e, de acordo com a Agetran (Ag\u00eancia Municipal de Transporte e Tr\u00e2nsito), a instala\u00e7\u00e3o deve ser conclu\u00edda at\u00e9 o fim de setembro. A substitui\u00e7\u00e3o dos radares [&hellip;]<\/p>\n","protected":false},"author":4,"featured_media":2760,"comment_status":"open","ping_status":"open","sticky":false,"template":"","format":"standard","meta":{"jnews-multi-image_gallery":[],"jnews_single_post":{"format":"standard"},"jnews_primary_category":[],"jnews_social_meta":[],"jnews_post_split":[],"footnotes":""},"categories":[1],"tags":[],"class_list":["post-2756","post","type-post","status-publish","format-standard","has-post-thumbnail","hentry","category-uncategorized"],"_links":{"self":[{"href":"https:\/\/diariodepernambuco.audiencelabs.com.br\/wp-json\/wp\/v2\/posts\/2756","targetHints":{"allow":["GET"]}}],"collection":[{"href":"https:\/\/diariodepernambuco.audiencelabs.com.br\/wp-json\/wp\/v2\/posts"}],"about":[{"href":"https:\/\/diariodepernambuco.audiencelabs.com.br\/wp-json\/wp\/v2\/types\/post"}],"author":[{"embeddable":true,"href":"https:\/\/diariodepernambuco.audiencelabs.com.br\/wp-json\/wp\/v2\/users\/4"}],"replies":[{"embeddable":true,"href":"https:\/\/diariodepernambuco.audiencelabs.com.br\/wp-json\/wp\/v2\/comments?post=2756"}],"version-history":[{"count":2,"href":"https:\/\/diariodepernambuco.audiencelabs.com.br\/wp-json\/wp\/v2\/posts\/2756\/revisions"}],"predecessor-version":[{"id":2765,"href":"https:\/\/diariodepernambuco.audiencelabs.com.br\/wp-json\/wp\/v2\/posts\/2756\/revisions\/2765"}],"wp:featuredmedia":[{"embeddable":true,"href":"https:\/\/diariodepernambuco.audiencelabs.com.br\/wp-json\/wp\/v2\/media\/2760"}],"wp:attachment":[{"href":"https:\/\/diariodepernambuco.audiencelabs.com.br\/wp-json\/wp\/v2\/media?parent=2756"}],"wp:term":[{"taxonomy":"category","embeddable":true,"href":"https:\/\/diariodepernambuco.audiencelabs.com.br\/wp-json\/wp\/v2\/categories?post=2756"},{"taxonomy":"post_tag","embeddable":true,"href":"https:\/\/diariodepernambuco.audiencelabs.com.br\/wp-json\/wp\/v2\/tags?post=2756"}],"curies":[{"name":"wp","href":"https:\/\/api.w.org\/{rel}","templated":true}]}}