{"id":2893,"date":"2025-09-08T16:30:00","date_gmt":"2025-09-08T19:30:00","guid":{"rendered":"https:\/\/diariodepernambuco.audiencelabs.com.br\/?p=2893"},"modified":"2025-09-05T12:38:56","modified_gmt":"2025-09-05T15:38:56","slug":"esses-brasileiros-conseguem-liberar-aposentadoria-na-hora-da-solicitacao","status":"publish","type":"post","link":"https:\/\/diariodepernambuco.audiencelabs.com.br\/esses-brasileiros-conseguem-liberar-aposentadoria-na-hora-da-solicitacao\/","title":{"rendered":"Esses brasileiros conseguem liberar aposentadoria na hora da solicita\u00e7\u00e3o"},"content":{"rendered":"\n<p>Para brasileiros que enfrentam problemas de sa\u00fade graves, a aposentadoria por invalidez pode ser uma forma de garantir seguran\u00e7a financeira de maneira r\u00e1pida. Diferentemente de outros tipos de benef\u00edcios do INSS, algumas categorias de trabalhadores t\u00eam a possibilidade de liberar o pagamento imediatamente ap\u00f3s a solicita\u00e7\u00e3o, desde que atendam a crit\u00e9rios m\u00e9dicos e documentais espec\u00edficos.<\/p>\n\n\n\n<p>Para ter direito \u00e0 aposentadoria por invalidez, o trabalhador precisa comprovar, por meio de laudos m\u00e9dicos e exames, que n\u00e3o possui mais condi\u00e7\u00f5es de exercer suas atividades profissionais. O INSS exige que a incapacidade seja total e permanente, ou seja, que n\u00e3o haja perspectiva de recupera\u00e7\u00e3o que permita o retorno ao trabalho.<\/p>\n\n\n\n<p>Alguns grupos de trabalhadores conseguem libera\u00e7\u00e3o imediata do benef\u00edcio, incluindo aqueles que sofrem de doen\u00e7as graves como c\u00e2ncer, HIV, tuberculose ativa, cegueira, paralisia ou outras enfermidades listadas na lei. Nesses casos, o INSS pode conceder o pagamento j\u00e1 na data da solicita\u00e7\u00e3o, sem necessidade de longos per\u00edodos de an\u00e1lise, agilizando o suporte financeiro para o segurado.<\/p>\n\n\n\n<p>\u00c9 importante que todos os documentos estejam completos e corretos, incluindo laudos m\u00e9dicos detalhados, exames recentes e relat\u00f3rios que comprovem a incapacidade. A aus\u00eancia de qualquer informa\u00e7\u00e3o pode atrasar o processo ou resultar em indeferimento do pedido.<\/p>\n\n\n\n<p>Al\u00e9m disso, o segurado deve estar atento \u00e0s regras de car\u00eancia e contribui\u00e7\u00f5es. Para aposentadoria por invalidez, normalmente \u00e9 necess\u00e1rio ter cumprido um per\u00edodo m\u00ednimo de contribui\u00e7\u00f5es, mas existem exce\u00e7\u00f5es para casos de doen\u00e7as graves ou acidentes.<\/p>\n\n\n\n<h2 class=\"wp-block-heading\">Quem tem direito \u00e0 aposentadoria por invalidez<\/h2>\n\n\n\n<ul class=\"wp-block-list\">\n<li>Trabalhadores que apresentam incapacidade total e permanente para o trabalho, comprovada por laudos e exames m\u00e9dicos do INSS.<\/li>\n<\/ul>\n\n\n\n<ol class=\"wp-block-list\"><\/ol>\n\n\n\n<ul class=\"wp-block-list\">\n<li>Segurados com doen\u00e7as graves ou listadas em lei, incluindo, mas n\u00e3o se limitando a:<\/li>\n<\/ul>\n\n\n\n<ul class=\"wp-block-list\">\n<li>C\u00e2ncer (neoplasia maligna)<\/li>\n\n\n\n<li>HIV\/AIDS<\/li>\n\n\n\n<li>Tuberculose ativa<\/li>\n\n\n\n<li>Paralisia irrevers\u00edvel ou incapacitante<\/li>\n\n\n\n<li>Cegueira<\/li>\n\n\n\n<li>Doen\u00e7a de Parkinson<\/li>\n\n\n\n<li>Esclerose m\u00faltipla<\/li>\n\n\n\n<li>Cardiopatia grave<\/li>\n\n\n\n<li>Doen\u00e7as mentais graves ou incapacitantes<\/li>\n\n\n\n<li>Insufici\u00eancia renal cr\u00f4nica<\/li>\n<\/ul>\n\n\n\n<ul class=\"wp-block-list\">\n<li>Acidentados, quando o acidente provoca incapacidade total e permanente para o trabalho.<\/li>\n<\/ul>\n\n\n\n<ul class=\"wp-block-list\">\n<li>Trabalhadores com incapacidade permanente decorrente de doen\u00e7a profissional ou do trabalho, reconhecida pelo INSS.<\/li>\n<\/ul>\n\n\n\n<ul class=\"wp-block-list\">\n<li>Segurados especiais ou rurais, desde que comprovem que a doen\u00e7a impede definitivamente a realiza\u00e7\u00e3o de suas atividades laborais.<\/li>\n<\/ul>\n\n\n\n<p><\/p>\n","protected":false},"excerpt":{"rendered":"<p>Para brasileiros que enfrentam problemas de sa\u00fade graves, a aposentadoria por invalidez pode ser uma forma de garantir seguran\u00e7a financeira de maneira r\u00e1pida. Diferentemente de outros tipos de benef\u00edcios do INSS, algumas categorias de trabalhadores t\u00eam a possibilidade de liberar o pagamento imediatamente ap\u00f3s a solicita\u00e7\u00e3o, desde que atendam a crit\u00e9rios m\u00e9dicos e documentais espec\u00edficos. [&hellip;]<\/p>\n","protected":false},"author":4,"featured_media":2896,"comment_status":"open","ping_status":"open","sticky":false,"template":"","format":"standard","meta":{"jnews-multi-image_gallery":[],"jnews_single_post":{"format":"standard"},"jnews_primary_category":[],"jnews_social_meta":[],"jnews_post_split":[],"footnotes":""},"categories":[1],"tags":[],"class_list":["post-2893","post","type-post","status-publish","format-standard","has-post-thumbnail","hentry","category-uncategorized"],"_links":{"self":[{"href":"https:\/\/diariodepernambuco.audiencelabs.com.br\/wp-json\/wp\/v2\/posts\/2893","targetHints":{"allow":["GET"]}}],"collection":[{"href":"https:\/\/diariodepernambuco.audiencelabs.com.br\/wp-json\/wp\/v2\/posts"}],"about":[{"href":"https:\/\/diariodepernambuco.audiencelabs.com.br\/wp-json\/wp\/v2\/types\/post"}],"author":[{"embeddable":true,"href":"https:\/\/diariodepernambuco.audiencelabs.com.br\/wp-json\/wp\/v2\/users\/4"}],"replies":[{"embeddable":true,"href":"https:\/\/diariodepernambuco.audiencelabs.com.br\/wp-json\/wp\/v2\/comments?post=2893"}],"version-history":[{"count":2,"href":"https:\/\/diariodepernambuco.audiencelabs.com.br\/wp-json\/wp\/v2\/posts\/2893\/revisions"}],"predecessor-version":[{"id":2898,"href":"https:\/\/diariodepernambuco.audiencelabs.com.br\/wp-json\/wp\/v2\/posts\/2893\/revisions\/2898"}],"wp:featuredmedia":[{"embeddable":true,"href":"https:\/\/diariodepernambuco.audiencelabs.com.br\/wp-json\/wp\/v2\/media\/2896"}],"wp:attachment":[{"href":"https:\/\/diariodepernambuco.audiencelabs.com.br\/wp-json\/wp\/v2\/media?parent=2893"}],"wp:term":[{"taxonomy":"category","embeddable":true,"href":"https:\/\/diariodepernambuco.audiencelabs.com.br\/wp-json\/wp\/v2\/categories?post=2893"},{"taxonomy":"post_tag","embeddable":true,"href":"https:\/\/diariodepernambuco.audiencelabs.com.br\/wp-json\/wp\/v2\/tags?post=2893"}],"curies":[{"name":"wp","href":"https:\/\/api.w.org\/{rel}","templated":true}]}}