{"id":2940,"date":"2025-09-08T18:45:00","date_gmt":"2025-09-08T21:45:00","guid":{"rendered":"https:\/\/diariodepernambuco.audiencelabs.com.br\/?p=2940"},"modified":"2025-09-05T18:12:11","modified_gmt":"2025-09-05T21:12:11","slug":"tarifaco-dos-eua-afeta-em-exportacao-de-cafe-no-brasil","status":"publish","type":"post","link":"https:\/\/diariodepernambuco.audiencelabs.com.br\/tarifaco-dos-eua-afeta-em-exportacao-de-cafe-no-brasil\/","title":{"rendered":"Tarifa\u00e7o dos EUA afeta em exporta\u00e7\u00e3o de caf\u00e9 no Brasil"},"content":{"rendered":"\n<p>O impacto do tarifa\u00e7o imposto pelos Estados Unidos em 2025 j\u00e1 come\u00e7a a ser sentido de forma contundente nas exporta\u00e7\u00f5es brasileiras de caf\u00e9. Dados preliminares do Conselho dos Exportadores de Caf\u00e9 do Brasil (Cecafe) indicam que, em agosto, os embarques para o mercado norte-americano recuaram 55% em compara\u00e7\u00e3o ao mesmo m\u00eas do ano passado.<\/p>\n\n\n\n<p>Segundo a pr\u00e9via, foram enviadas 251,9 mil sacas de 60 quilos para os EUA, volume bem abaixo das 562,7 mil registradas em agosto de 2024. Essa queda abriu caminho para que a Alemanha, tradicional concorrente, assuma temporariamente a dianteira como principal destino do caf\u00e9 nacional.<\/p>\n\n\n\n<h3 class=\"wp-block-heading\">Mudan\u00e7a hist\u00f3rica no ranking de compradores<\/h3>\n\n\n\n<p>Desde 1997, quando o Minist\u00e9rio da Agricultura e Pecu\u00e1ria (Mapa) iniciou o monitoramento do setor, Estados Unidos e Alemanha disputam a lideran\u00e7a na importa\u00e7\u00e3o do caf\u00e9 brasileiro. Apesar dessa altern\u00e2ncia, os norte-americanos vinham ocupando o primeiro lugar de forma ininterrupta desde 2017.<\/p>\n\n\n\n<p>Com a retra\u00e7\u00e3o de agosto, a Alemanha deve importar cerca de 379,5 mil sacas \u2014 um volume 50% superior ao adquirido pelos EUA no per\u00edodo. Embora o acumulado do ano ainda mantenha os norte-americanos \u00e0 frente, a invers\u00e3o pontual \u00e9 vista como um sinal de alerta para o setor.<\/p>\n\n\n\n<h3 class=\"wp-block-heading\">Efeitos do tarifa\u00e7o e crise log\u00edstica<\/h3>\n\n\n\n<p>A medida adotada pelo governo dos Estados Unidos, sob justificativa de proteger produtores locais, atingiu diretamente o caf\u00e9 brasileiro, reconhecido mundialmente por sua qualidade. Para exportadores, cooperativas e produtores, a redu\u00e7\u00e3o nas vendas representa queda de receita e maior press\u00e3o para buscar novos mercados.<\/p>\n\n\n\n<p>O desafio \u00e9 agravado por gargalos log\u00edsticos. Em julho, atrasos em navios e limita\u00e7\u00f5es na infraestrutura portu\u00e1ria resultaram em preju\u00edzos estimados em R$ 1,1 bilh\u00e3o, segundo o Cecafe. Al\u00e9m disso, ap\u00f3s o recorde de exporta\u00e7\u00f5es em 2024, a safra de 2025 registrou menor disponibilidade de gr\u00e3os, limitando alternativas para compensar a perda no mercado norte-americano.<\/p>\n\n\n\n<h3 class=\"wp-block-heading\">Perspectivas e reposicionamento<\/h3>\n\n\n\n<p>Especialistas apontam que a situa\u00e7\u00e3o pode acelerar a diversifica\u00e7\u00e3o dos destinos do caf\u00e9 brasileiro, com maior foco em parcerias na Uni\u00e3o Europeia, \u00c1sia e Oriente M\u00e9dio. Apesar de os Estados Unidos ainda liderarem no acumulado anual, a ascens\u00e3o alem\u00e3 em agosto refor\u00e7a a necessidade de o Brasil repensar estrat\u00e9gias e reduzir a depend\u00eancia de poucos compradores.<\/p>\n","protected":false},"excerpt":{"rendered":"<p>O impacto do tarifa\u00e7o imposto pelos Estados Unidos em 2025 j\u00e1 come\u00e7a a ser sentido de forma contundente nas exporta\u00e7\u00f5es brasileiras de caf\u00e9. Dados preliminares do Conselho dos Exportadores de Caf\u00e9 do Brasil (Cecafe) indicam que, em agosto, os embarques para o mercado norte-americano recuaram 55% em compara\u00e7\u00e3o ao mesmo m\u00eas do ano passado. Segundo [&hellip;]<\/p>\n","protected":false},"author":7,"featured_media":2942,"comment_status":"open","ping_status":"open","sticky":false,"template":"","format":"standard","meta":{"jnews-multi-image_gallery":[],"jnews_single_post":{"format":"standard"},"jnews_primary_category":[],"jnews_social_meta":[],"jnews_post_split":[],"footnotes":""},"categories":[1],"tags":[],"class_list":["post-2940","post","type-post","status-publish","format-standard","has-post-thumbnail","hentry","category-uncategorized"],"_links":{"self":[{"href":"https:\/\/diariodepernambuco.audiencelabs.com.br\/wp-json\/wp\/v2\/posts\/2940","targetHints":{"allow":["GET"]}}],"collection":[{"href":"https:\/\/diariodepernambuco.audiencelabs.com.br\/wp-json\/wp\/v2\/posts"}],"about":[{"href":"https:\/\/diariodepernambuco.audiencelabs.com.br\/wp-json\/wp\/v2\/types\/post"}],"author":[{"embeddable":true,"href":"https:\/\/diariodepernambuco.audiencelabs.com.br\/wp-json\/wp\/v2\/users\/7"}],"replies":[{"embeddable":true,"href":"https:\/\/diariodepernambuco.audiencelabs.com.br\/wp-json\/wp\/v2\/comments?post=2940"}],"version-history":[{"count":1,"href":"https:\/\/diariodepernambuco.audiencelabs.com.br\/wp-json\/wp\/v2\/posts\/2940\/revisions"}],"predecessor-version":[{"id":2941,"href":"https:\/\/diariodepernambuco.audiencelabs.com.br\/wp-json\/wp\/v2\/posts\/2940\/revisions\/2941"}],"wp:featuredmedia":[{"embeddable":true,"href":"https:\/\/diariodepernambuco.audiencelabs.com.br\/wp-json\/wp\/v2\/media\/2942"}],"wp:attachment":[{"href":"https:\/\/diariodepernambuco.audiencelabs.com.br\/wp-json\/wp\/v2\/media?parent=2940"}],"wp:term":[{"taxonomy":"category","embeddable":true,"href":"https:\/\/diariodepernambuco.audiencelabs.com.br\/wp-json\/wp\/v2\/categories?post=2940"},{"taxonomy":"post_tag","embeddable":true,"href":"https:\/\/diariodepernambuco.audiencelabs.com.br\/wp-json\/wp\/v2\/tags?post=2940"}],"curies":[{"name":"wp","href":"https:\/\/api.w.org\/{rel}","templated":true}]}}