{"id":3032,"date":"2025-09-09T15:45:00","date_gmt":"2025-09-09T18:45:00","guid":{"rendered":"https:\/\/diariodepernambuco.audiencelabs.com.br\/?p=3032"},"modified":"2025-09-08T15:11:52","modified_gmt":"2025-09-08T18:11:52","slug":"quais-sao-os-feriados-de-setembro-apos-o-dia-7","status":"publish","type":"post","link":"https:\/\/diariodepernambuco.audiencelabs.com.br\/quais-sao-os-feriados-de-setembro-apos-o-dia-7\/","title":{"rendered":"Quais s\u00e3o os feriados de setembro ap\u00f3s o dia 7?"},"content":{"rendered":"\n<p>O m\u00eas de setembro promete ser movimentado em diversas regi\u00f5es do pa\u00eds, com datas comemorativas que se somam ao feriado nacional da Independ\u00eancia do Brasil, 7 de setembro. Logo no dia seguinte, tr\u00eas capitais ter\u00e3o folga extra em raz\u00e3o de celebra\u00e7\u00f5es locais: Vit\u00f3ria (ES), no Dia de Nossa Senhora da Vit\u00f3ria; S\u00e3o Lu\u00eds (MA), que marca tanto o Anivers\u00e1rio da cidade quanto o Dia de Nossa Senhora da Natividade; e Curitiba (PR), em homenagem \u00e0 sua padroeira, Nossa Senhora da Luz.<\/p>\n\n\n\n<h3 class=\"wp-block-heading\">Estados tamb\u00e9m celebram datas importantes<\/h3>\n\n\n\n<p>Al\u00e9m dos feriados municipais, v\u00e1rios estados ter\u00e3o suas pr\u00f3prias datas de descanso ao longo de setembro. Confira a lista:<\/p>\n\n\n\n<ul class=\"wp-block-list\">\n<li><strong>Acre<\/strong> \u2013 5 de setembro (Dia da Amaz\u00f4nia)<\/li>\n\n\n\n<li><strong>Amazonas<\/strong> \u2013 5 de setembro (Eleva\u00e7\u00e3o do Amazonas \u00e0 Categoria de Prov\u00edncia)<\/li>\n\n\n\n<li><strong>Tocantins<\/strong> \u2013 8 de setembro (Dia de Nossa Senhora da Natividade)<\/li>\n\n\n\n<li><strong>Amap\u00e1<\/strong> \u2013 13 de setembro (Anivers\u00e1rio do Ex-Territ\u00f3rio Federal do Amap\u00e1)<\/li>\n\n\n\n<li><strong>Alagoas<\/strong> \u2013 16 de setembro (Emancipa\u00e7\u00e3o Pol\u00edtica)<\/li>\n\n\n\n<li><strong>Rio Grande do Sul<\/strong> \u2013 20 de setembro (Data Magna do estado)<\/li>\n<\/ul>\n\n\n\n<h3 class=\"wp-block-heading\">Quem precisa trabalhar no feriado<\/h3>\n\n\n\n<p>Apesar de o feriado garantir descanso para boa parte da popula\u00e7\u00e3o, alguns setores n\u00e3o podem interromper suas atividades. Sa\u00fade, seguran\u00e7a e transporte s\u00e3o considerados servi\u00e7os essenciais e, portanto, seguem funcionando. Nesses casos, a lei determina que o trabalhador receba remunera\u00e7\u00e3o em dobro ou tenha folga compensat\u00f3ria em outro dia.<\/p>\n\n\n\n<p>J\u00e1 nos casos de ponto facultativo, a regra \u00e9 diferente: servidores p\u00fablicos podem ser liberados, mas empregados da iniciativa privada n\u00e3o t\u00eam direito autom\u00e1tico \u00e0 folga ou ao pagamento dobrado.<\/p>\n\n\n\n<h3 class=\"wp-block-heading\">Os pr\u00f3ximos feriados nacionais de 2025<\/h3>\n\n\n\n<p>Depois de setembro, outras datas ainda v\u00e3o garantir descanso at\u00e9 o fim do ano:<\/p>\n\n\n\n<ul class=\"wp-block-list\">\n<li><strong>12 de outubro<\/strong> \u2013 Nossa Senhora Aparecida<\/li>\n\n\n\n<li><strong>2 de novembro<\/strong> \u2013 Finados<\/li>\n\n\n\n<li><strong>15 de novembro<\/strong> \u2013 Proclama\u00e7\u00e3o da Rep\u00fablica<\/li>\n\n\n\n<li><strong>20 de novembro<\/strong> \u2013 Dia da Consci\u00eancia Negra<\/li>\n\n\n\n<li><strong>25 de dezembro<\/strong> \u2013 Natal<\/li>\n<\/ul>\n\n\n\n<p><\/p>\n","protected":false},"excerpt":{"rendered":"<p>O m\u00eas de setembro promete ser movimentado em diversas regi\u00f5es do pa\u00eds, com datas comemorativas que se somam ao feriado nacional da Independ\u00eancia do Brasil, 7 de setembro. Logo no dia seguinte, tr\u00eas capitais ter\u00e3o folga extra em raz\u00e3o de celebra\u00e7\u00f5es locais: Vit\u00f3ria (ES), no Dia de Nossa Senhora da Vit\u00f3ria; S\u00e3o Lu\u00eds (MA), que [&hellip;]<\/p>\n","protected":false},"author":7,"featured_media":2658,"comment_status":"open","ping_status":"open","sticky":false,"template":"","format":"standard","meta":{"jnews-multi-image_gallery":[],"jnews_single_post":{"format":"standard"},"jnews_primary_category":[],"jnews_social_meta":[],"jnews_post_split":[],"footnotes":""},"categories":[1],"tags":[],"class_list":["post-3032","post","type-post","status-publish","format-standard","has-post-thumbnail","hentry","category-uncategorized"],"_links":{"self":[{"href":"https:\/\/diariodepernambuco.audiencelabs.com.br\/wp-json\/wp\/v2\/posts\/3032","targetHints":{"allow":["GET"]}}],"collection":[{"href":"https:\/\/diariodepernambuco.audiencelabs.com.br\/wp-json\/wp\/v2\/posts"}],"about":[{"href":"https:\/\/diariodepernambuco.audiencelabs.com.br\/wp-json\/wp\/v2\/types\/post"}],"author":[{"embeddable":true,"href":"https:\/\/diariodepernambuco.audiencelabs.com.br\/wp-json\/wp\/v2\/users\/7"}],"replies":[{"embeddable":true,"href":"https:\/\/diariodepernambuco.audiencelabs.com.br\/wp-json\/wp\/v2\/comments?post=3032"}],"version-history":[{"count":2,"href":"https:\/\/diariodepernambuco.audiencelabs.com.br\/wp-json\/wp\/v2\/posts\/3032\/revisions"}],"predecessor-version":[{"id":3034,"href":"https:\/\/diariodepernambuco.audiencelabs.com.br\/wp-json\/wp\/v2\/posts\/3032\/revisions\/3034"}],"wp:featuredmedia":[{"embeddable":true,"href":"https:\/\/diariodepernambuco.audiencelabs.com.br\/wp-json\/wp\/v2\/media\/2658"}],"wp:attachment":[{"href":"https:\/\/diariodepernambuco.audiencelabs.com.br\/wp-json\/wp\/v2\/media?parent=3032"}],"wp:term":[{"taxonomy":"category","embeddable":true,"href":"https:\/\/diariodepernambuco.audiencelabs.com.br\/wp-json\/wp\/v2\/categories?post=3032"},{"taxonomy":"post_tag","embeddable":true,"href":"https:\/\/diariodepernambuco.audiencelabs.com.br\/wp-json\/wp\/v2\/tags?post=3032"}],"curies":[{"name":"wp","href":"https:\/\/api.w.org\/{rel}","templated":true}]}}