{"id":3068,"date":"2025-09-13T09:22:00","date_gmt":"2025-09-13T12:22:00","guid":{"rendered":"https:\/\/diariodepernambuco.audiencelabs.com.br\/?p=3068"},"modified":"2025-09-08T17:29:08","modified_gmt":"2025-09-08T20:29:08","slug":"lula-saiu-em-defesa-de-bolsonaro-noticia-surpreendente","status":"publish","type":"post","link":"https:\/\/diariodepernambuco.audiencelabs.com.br\/lula-saiu-em-defesa-de-bolsonaro-noticia-surpreendente\/","title":{"rendered":"Lula saiu em defesa de Bolsonaro? Not\u00edcia surpreendente"},"content":{"rendered":"\n<p>O presidente Luiz In\u00e1cio Lula da Silva afirmou que o ex-presidente Jair Bolsonaro deve ter garantidos a presun\u00e7\u00e3o de inoc\u00eancia e o direito \u00e0 ampla defesa. Bolsonaro foi denunciado pela Procuradoria-Geral da Rep\u00fablica (PGR) pelos crimes de golpe de Estado, aboli\u00e7\u00e3o violenta do Estado Democr\u00e1tico de Direito e organiza\u00e7\u00e3o criminosa, em uma suposta tentativa de impedir o terceiro mandato de Lula.<\/p>\n\n\n\n<p>\u201cA \u00fanica coisa que eu posso dizer \u00e9 que, nesse pa\u00eds, no tempo em que eu governo o Brasil, todas as pessoas t\u00eam direito \u00e0 presun\u00e7\u00e3o de inoc\u00eancia\u201d, disse Lula em coletiva de imprensa. A defesa de Bolsonaro nega as acusa\u00e7\u00f5es e afirma que o ex-presidente \u201cjamais compactuou com qualquer movimento que visasse a desconstru\u00e7\u00e3o do Estado Democr\u00e1tico de Direito ou as institui\u00e7\u00f5es que o pavimentam\u201d.<\/p>\n\n\n\n<p>A Primeira Turma do Supremo Tribunal Federal (STF) retomou na \u00faltima ter\u00e7a-feira (9) o julgamento da den\u00fancia contra Bolsonaro e outros sete r\u00e9us, previsto para se estender ao longo de seis dias. Na semana passada, o ministro Alexandre de Moraes pediu um dia adicional, o que fez com que quatro dias do julgamento ocorressem ainda nesta semana.<\/p>\n\n\n\n<p>Os ministros podem decidir pela absolvi\u00e7\u00e3o ou condena\u00e7\u00e3o de um ou mais r\u00e9us. Em caso de absolvi\u00e7\u00e3o, o processo \u00e9 arquivado. Se houver condena\u00e7\u00e3o, os ministros definir\u00e3o, por maioria, a pena de cada r\u00e9u, considerando o grau de participa\u00e7\u00e3o de cada um nas atividades il\u00edcitas.<\/p>\n\n\n\n<h2 class=\"wp-block-heading\">Quais s\u00e3o os crimes atribu\u00eddos a Bolsonaro?<\/h2>\n\n\n\n<ul class=\"wp-block-list\">\n<li>Organiza\u00e7\u00e3o criminosa armada: pratica o crime quem lidera organiza\u00e7\u00e3o de quatro ou mais pessoas, estruturalmente ordenada, com uso de armas, caracterizada pela divis\u00e3o de tarefas, visando \u00e0 pr\u00e1tica de crimes;<\/li>\n<\/ul>\n\n\n\n<ul class=\"wp-block-list\">\n<li>Tentativa de aboli\u00e7\u00e3o violenta do Estado Democr\u00e1tico de Direito: acontece quando algu\u00e9m tenta com emprego de viol\u00eancia ou grave amea\u00e7a, abolir o Estado Democr\u00e1tico de Direito, impedindo ou restringindo o exerc\u00edcio dos poderes constitucionais;<\/li>\n<\/ul>\n\n\n\n<ul class=\"wp-block-list\">\n<li>Golpe de Estado: fica configurado quando uma pessoa tenta depor, por meio de viol\u00eancia ou grave amea\u00e7a, o governo legitimamente constitu\u00eddo;<\/li>\n<\/ul>\n\n\n\n<ul class=\"wp-block-list\">\n<li>Dano qualificado contra o patrim\u00f4nio da Uni\u00e3o: ocorre quando algu\u00e9m age para destruir, inutilizar ou deteriorar o patrim\u00f4nio da Uni\u00e3o, com consider\u00e1vel preju\u00edzo para a v\u00edtima;<\/li>\n<\/ul>\n\n\n\n<ul class=\"wp-block-list\">\n<li>Deteriora\u00e7\u00e3o de patrim\u00f4nio tombado: o crime fica caracterizado quando algu\u00e9m age para destruir, inutilizar ou deteriorar bem especialmente protegido por lei, ato administrativo ou decis\u00e3o judicial.<\/li>\n<\/ul>\n\n\n\n<p><\/p>\n","protected":false},"excerpt":{"rendered":"<p>O presidente Luiz In\u00e1cio Lula da Silva afirmou que o ex-presidente Jair Bolsonaro deve ter garantidos a presun\u00e7\u00e3o de inoc\u00eancia e o direito \u00e0 ampla defesa. Bolsonaro foi denunciado pela Procuradoria-Geral da Rep\u00fablica (PGR) pelos crimes de golpe de Estado, aboli\u00e7\u00e3o violenta do Estado Democr\u00e1tico de Direito e organiza\u00e7\u00e3o criminosa, em uma suposta tentativa de [&hellip;]<\/p>\n","protected":false},"author":4,"featured_media":3070,"comment_status":"open","ping_status":"open","sticky":false,"template":"","format":"standard","meta":{"jnews-multi-image_gallery":[],"jnews_single_post":{"format":"standard"},"jnews_primary_category":[],"jnews_social_meta":[],"jnews_post_split":[],"footnotes":""},"categories":[1],"tags":[],"class_list":["post-3068","post","type-post","status-publish","format-standard","has-post-thumbnail","hentry","category-uncategorized"],"_links":{"self":[{"href":"https:\/\/diariodepernambuco.audiencelabs.com.br\/wp-json\/wp\/v2\/posts\/3068","targetHints":{"allow":["GET"]}}],"collection":[{"href":"https:\/\/diariodepernambuco.audiencelabs.com.br\/wp-json\/wp\/v2\/posts"}],"about":[{"href":"https:\/\/diariodepernambuco.audiencelabs.com.br\/wp-json\/wp\/v2\/types\/post"}],"author":[{"embeddable":true,"href":"https:\/\/diariodepernambuco.audiencelabs.com.br\/wp-json\/wp\/v2\/users\/4"}],"replies":[{"embeddable":true,"href":"https:\/\/diariodepernambuco.audiencelabs.com.br\/wp-json\/wp\/v2\/comments?post=3068"}],"version-history":[{"count":2,"href":"https:\/\/diariodepernambuco.audiencelabs.com.br\/wp-json\/wp\/v2\/posts\/3068\/revisions"}],"predecessor-version":[{"id":3071,"href":"https:\/\/diariodepernambuco.audiencelabs.com.br\/wp-json\/wp\/v2\/posts\/3068\/revisions\/3071"}],"wp:featuredmedia":[{"embeddable":true,"href":"https:\/\/diariodepernambuco.audiencelabs.com.br\/wp-json\/wp\/v2\/media\/3070"}],"wp:attachment":[{"href":"https:\/\/diariodepernambuco.audiencelabs.com.br\/wp-json\/wp\/v2\/media?parent=3068"}],"wp:term":[{"taxonomy":"category","embeddable":true,"href":"https:\/\/diariodepernambuco.audiencelabs.com.br\/wp-json\/wp\/v2\/categories?post=3068"},{"taxonomy":"post_tag","embeddable":true,"href":"https:\/\/diariodepernambuco.audiencelabs.com.br\/wp-json\/wp\/v2\/tags?post=3068"}],"curies":[{"name":"wp","href":"https:\/\/api.w.org\/{rel}","templated":true}]}}