{"id":3185,"date":"2025-09-10T19:00:00","date_gmt":"2025-09-10T22:00:00","guid":{"rendered":"https:\/\/diariodepernambuco.audiencelabs.com.br\/?p=3185"},"modified":"2025-09-09T13:45:36","modified_gmt":"2025-09-09T16:45:36","slug":"tempestade-assustadora-esta-chegando-no-brasil","status":"publish","type":"post","link":"https:\/\/diariodepernambuco.audiencelabs.com.br\/tempestade-assustadora-esta-chegando-no-brasil\/","title":{"rendered":"Tempestade assustadora est\u00e1 chegando no Brasil"},"content":{"rendered":"\n<p>A ter\u00e7a-feira (9) foi marcada por instabilidades no Rio Grande do Sul devido \u00e0 atua\u00e7\u00e3o de uma frente fria. O sistema trouxe pancadas de chuva, especialmente na metade Norte do estado, entre a madrugada e a manh\u00e3, levando \u00e0 emiss\u00e3o de um alerta para temporais, com maior aten\u00e7\u00e3o para a regi\u00e3o da Serra Ga\u00facha.<\/p>\n\n\n\n<p>No Oeste, na Campanha e no Centro do estado, o avan\u00e7o de um ciclone vindo da Argentina aumentou a umidade e provocou chuva fraca at\u00e9 o meio da manh\u00e3. J\u00e1 a chegada de uma nova massa de ar frio atr\u00e1s da frente manteve as temperaturas est\u00e1veis ao longo do dia. Al\u00e9m disso, rajadas de vento moderadas a fortes atingiram toda a faixa Leste e a Serra.<\/p>\n\n\n\n<p>De acordo com meteorologistas, a tend\u00eancia \u00e9 de que o cen\u00e1rio piore nos pr\u00f3ximos dias, j\u00e1 que o encontro entre o ar frio de origem polar e o ar quente e \u00famido da regi\u00e3o deve potencializar as tempestades. O risco inclui chuvas intensas, rajadas de vento que podem superar os 80 km\/h e at\u00e9 queda de granizo em pontos isolados.<\/p>\n\n\n\n<p>A instabilidade tamb\u00e9m pode se estender para estados vizinhos da Regi\u00e3o Sul, alcan\u00e7ando parte do Paran\u00e1 e de Santa Catarina. A Defesa Civil orienta a popula\u00e7\u00e3o a redobrar os cuidados, evitando \u00e1reas de alagamento, desligando aparelhos eletr\u00f4nicos durante os temporais e mantendo aten\u00e7\u00e3o a comunicados oficiais.<\/p>\n\n\n\n<h2 class=\"wp-block-heading\">Alertas e recomenda\u00e7\u00f5es de seguran\u00e7a diante da tempestade<\/h2>\n\n\n\n<p><strong>\ud83c\udf29\ufe0f Principais riscos previstos<\/strong><\/p>\n\n\n\n<ul class=\"wp-block-list\">\n<li>Chuvas intensas e volumosas em curto per\u00edodo.<\/li>\n\n\n\n<li>Rajadas de vento que podem ultrapassar 80 km\/h.<\/li>\n\n\n\n<li>Possibilidade de queda de granizo em \u00e1reas isoladas.<\/li>\n\n\n\n<li>Alagamentos e transtornos no tr\u00e2nsito.<\/li>\n\n\n\n<li>Interrup\u00e7\u00f5es no fornecimento de energia el\u00e9trica.<\/li>\n<\/ul>\n\n\n\n<p><strong>\u26a0\ufe0f Recomenda\u00e7\u00f5es da Defesa Civil<\/strong><\/p>\n\n\n\n<ul class=\"wp-block-list\">\n<li>Evite \u00e1reas alagadas ou com risco de enxurradas.<\/li>\n\n\n\n<li>Mantenha dist\u00e2ncia de postes, \u00e1rvores e fia\u00e7\u00f5es el\u00e9tricas durante temporais.<\/li>\n\n\n\n<li>Desligue aparelhos eletr\u00f4nicos da tomada em caso de raios.<\/li>\n\n\n\n<li>Guarde objetos soltos que possam ser levados pelo vento.<\/li>\n\n\n\n<li>Em situa\u00e7\u00f5es de risco, procure abrigo seguro e acione a Defesa Civil pelo telefone 199 ou o Corpo de Bombeiros pelo 193.<\/li>\n<\/ul>\n\n\n\n<p><\/p>\n","protected":false},"excerpt":{"rendered":"<p>A ter\u00e7a-feira (9) foi marcada por instabilidades no Rio Grande do Sul devido \u00e0 atua\u00e7\u00e3o de uma frente fria. O sistema trouxe pancadas de chuva, especialmente na metade Norte do estado, entre a madrugada e a manh\u00e3, levando \u00e0 emiss\u00e3o de um alerta para temporais, com maior aten\u00e7\u00e3o para a regi\u00e3o da Serra Ga\u00facha. No [&hellip;]<\/p>\n","protected":false},"author":4,"featured_media":3189,"comment_status":"open","ping_status":"open","sticky":false,"template":"","format":"standard","meta":{"jnews-multi-image_gallery":[],"jnews_single_post":{"format":"standard"},"jnews_primary_category":[],"jnews_social_meta":[],"jnews_post_split":[],"footnotes":""},"categories":[1],"tags":[],"class_list":["post-3185","post","type-post","status-publish","format-standard","has-post-thumbnail","hentry","category-uncategorized"],"_links":{"self":[{"href":"https:\/\/diariodepernambuco.audiencelabs.com.br\/wp-json\/wp\/v2\/posts\/3185","targetHints":{"allow":["GET"]}}],"collection":[{"href":"https:\/\/diariodepernambuco.audiencelabs.com.br\/wp-json\/wp\/v2\/posts"}],"about":[{"href":"https:\/\/diariodepernambuco.audiencelabs.com.br\/wp-json\/wp\/v2\/types\/post"}],"author":[{"embeddable":true,"href":"https:\/\/diariodepernambuco.audiencelabs.com.br\/wp-json\/wp\/v2\/users\/4"}],"replies":[{"embeddable":true,"href":"https:\/\/diariodepernambuco.audiencelabs.com.br\/wp-json\/wp\/v2\/comments?post=3185"}],"version-history":[{"count":2,"href":"https:\/\/diariodepernambuco.audiencelabs.com.br\/wp-json\/wp\/v2\/posts\/3185\/revisions"}],"predecessor-version":[{"id":3190,"href":"https:\/\/diariodepernambuco.audiencelabs.com.br\/wp-json\/wp\/v2\/posts\/3185\/revisions\/3190"}],"wp:featuredmedia":[{"embeddable":true,"href":"https:\/\/diariodepernambuco.audiencelabs.com.br\/wp-json\/wp\/v2\/media\/3189"}],"wp:attachment":[{"href":"https:\/\/diariodepernambuco.audiencelabs.com.br\/wp-json\/wp\/v2\/media?parent=3185"}],"wp:term":[{"taxonomy":"category","embeddable":true,"href":"https:\/\/diariodepernambuco.audiencelabs.com.br\/wp-json\/wp\/v2\/categories?post=3185"},{"taxonomy":"post_tag","embeddable":true,"href":"https:\/\/diariodepernambuco.audiencelabs.com.br\/wp-json\/wp\/v2\/tags?post=3185"}],"curies":[{"name":"wp","href":"https:\/\/api.w.org\/{rel}","templated":true}]}}