{"id":3192,"date":"2025-09-10T20:00:00","date_gmt":"2025-09-10T23:00:00","guid":{"rendered":"https:\/\/diariodepernambuco.audiencelabs.com.br\/?p=3192"},"modified":"2025-09-09T14:12:16","modified_gmt":"2025-09-09T17:12:16","slug":"inss-liberou-e-aposentados-podem-sacar-seu-dinheiro","status":"publish","type":"post","link":"https:\/\/diariodepernambuco.audiencelabs.com.br\/inss-liberou-e-aposentados-podem-sacar-seu-dinheiro\/","title":{"rendered":"INSS liberou e aposentados podem sacar seu dinheiro"},"content":{"rendered":"\n<p>O pagamento de setembro de 2025 do INSS para aposentados, pensionistas e benefici\u00e1rios de aux\u00edlios ser\u00e1 realizado entre os dias 24 de setembro e 7 de outubro para quem recebe at\u00e9 um sal\u00e1rio m\u00ednimo, de acordo com o calend\u00e1rio oficial divulgado pelo Instituto Nacional do Seguro Social.<\/p>\n\n\n\n<p>J\u00e1 os segurados que recebem acima do piso ter\u00e3o os dep\u00f3sitos feitos entre 1\u00ba e 7 de outubro. Atualmente, o INSS efetua mensalmente mais de 40 milh\u00f5es de pagamentos, sendo 28,2 milh\u00f5es destinados a quem recebe at\u00e9 o valor m\u00ednimo e 12,3 milh\u00f5es para aqueles com benef\u00edcios acima desse montante.<\/p>\n\n\n\n<p>As datas de libera\u00e7\u00e3o podem ser conferidas pelo n\u00famero final do cart\u00e3o de benef\u00edcio (sem considerar o d\u00edgito ap\u00f3s o tra\u00e7o). Informa\u00e7\u00f5es completas tamb\u00e9m est\u00e3o dispon\u00edveis no site e no aplicativo Meu INSS, acess\u00edveis com CPF e senha da conta Gov.br.<\/p>\n\n\n\n<p>Em caso de d\u00favidas, os segurados podem ligar para a Central 135, que oferece atendimento eletr\u00f4nico todos os dias e suporte com atendentes em hor\u00e1rio comercial. No aplicativo Meu INSS, al\u00e9m de consultar o extrato de pagamento, tamb\u00e9m \u00e9 poss\u00edvel atualizar dados e acessar diversos servi\u00e7os por meio da barra de pesquisa.<\/p>\n\n\n\n<h2 class=\"wp-block-heading\">Calend\u00e1rio INSS \u2013 Setembro 2025<\/h2>\n\n\n\n<p><strong>Para quem recebe at\u00e9 1 sal\u00e1rio m\u00ednimo:<\/strong><\/p>\n\n\n\n<ul class=\"wp-block-list\">\n<li>Final 1 \u2192 24\/09<\/li>\n\n\n\n<li>Final 2 \u2192 25\/09<\/li>\n\n\n\n<li>Final 3 \u2192 26\/09<\/li>\n\n\n\n<li>Final 4 \u2192 29\/09<\/li>\n\n\n\n<li>Final 5 \u2192 30\/09<\/li>\n\n\n\n<li>Final 6 \u2192 01\/10<\/li>\n\n\n\n<li>Final 7 \u2192 02\/10<\/li>\n\n\n\n<li>Final 8 \u2192 03\/10<\/li>\n\n\n\n<li>Final 9 \u2192 06\/10<\/li>\n\n\n\n<li>Final 0 \u2192 07\/10<\/li>\n<\/ul>\n\n\n\n<p><strong>Para quem recebe acima de 1 sal\u00e1rio m\u00ednimo:<\/strong><\/p>\n\n\n\n<ul class=\"wp-block-list\">\n<li>Finais 1 e 6 \u2192 01\/10<\/li>\n\n\n\n<li>Finais 2 e 7 \u2192 02\/10<\/li>\n\n\n\n<li>Finais 3 e 8 \u2192 03\/10<\/li>\n\n\n\n<li>Finais 4 e 9 \u2192 06\/10<\/li>\n\n\n\n<li>Finais 5 e 0 \u2192 07\/10<\/li>\n<\/ul>\n\n\n\n<p><\/p>\n","protected":false},"excerpt":{"rendered":"<p>O pagamento de setembro de 2025 do INSS para aposentados, pensionistas e benefici\u00e1rios de aux\u00edlios ser\u00e1 realizado entre os dias 24 de setembro e 7 de outubro para quem recebe at\u00e9 um sal\u00e1rio m\u00ednimo, de acordo com o calend\u00e1rio oficial divulgado pelo Instituto Nacional do Seguro Social. J\u00e1 os segurados que recebem acima do piso [&hellip;]<\/p>\n","protected":false},"author":4,"featured_media":566,"comment_status":"open","ping_status":"open","sticky":false,"template":"","format":"standard","meta":{"jnews-multi-image_gallery":[],"jnews_single_post":[],"jnews_primary_category":[],"jnews_social_meta":[],"jnews_post_split":[],"footnotes":""},"categories":[1],"tags":[],"class_list":["post-3192","post","type-post","status-publish","format-standard","has-post-thumbnail","hentry","category-uncategorized"],"_links":{"self":[{"href":"https:\/\/diariodepernambuco.audiencelabs.com.br\/wp-json\/wp\/v2\/posts\/3192","targetHints":{"allow":["GET"]}}],"collection":[{"href":"https:\/\/diariodepernambuco.audiencelabs.com.br\/wp-json\/wp\/v2\/posts"}],"about":[{"href":"https:\/\/diariodepernambuco.audiencelabs.com.br\/wp-json\/wp\/v2\/types\/post"}],"author":[{"embeddable":true,"href":"https:\/\/diariodepernambuco.audiencelabs.com.br\/wp-json\/wp\/v2\/users\/4"}],"replies":[{"embeddable":true,"href":"https:\/\/diariodepernambuco.audiencelabs.com.br\/wp-json\/wp\/v2\/comments?post=3192"}],"version-history":[{"count":3,"href":"https:\/\/diariodepernambuco.audiencelabs.com.br\/wp-json\/wp\/v2\/posts\/3192\/revisions"}],"predecessor-version":[{"id":3195,"href":"https:\/\/diariodepernambuco.audiencelabs.com.br\/wp-json\/wp\/v2\/posts\/3192\/revisions\/3195"}],"wp:featuredmedia":[{"embeddable":true,"href":"https:\/\/diariodepernambuco.audiencelabs.com.br\/wp-json\/wp\/v2\/media\/566"}],"wp:attachment":[{"href":"https:\/\/diariodepernambuco.audiencelabs.com.br\/wp-json\/wp\/v2\/media?parent=3192"}],"wp:term":[{"taxonomy":"category","embeddable":true,"href":"https:\/\/diariodepernambuco.audiencelabs.com.br\/wp-json\/wp\/v2\/categories?post=3192"},{"taxonomy":"post_tag","embeddable":true,"href":"https:\/\/diariodepernambuco.audiencelabs.com.br\/wp-json\/wp\/v2\/tags?post=3192"}],"curies":[{"name":"wp","href":"https:\/\/api.w.org\/{rel}","templated":true}]}}