{"id":3205,"date":"2025-09-14T08:01:00","date_gmt":"2025-09-14T11:01:00","guid":{"rendered":"https:\/\/diariodepernambuco.audiencelabs.com.br\/?p=3205"},"modified":"2025-09-09T15:30:00","modified_gmt":"2025-09-09T18:30:00","slug":"papa-leao-foi-preso-logo-apos-tomar-posse-e-substituir-antecessor","status":"publish","type":"post","link":"https:\/\/diariodepernambuco.audiencelabs.com.br\/papa-leao-foi-preso-logo-apos-tomar-posse-e-substituir-antecessor\/","title":{"rendered":"Papa Le\u00e3o foi preso logo ap\u00f3s tomar posse e substituir antecessor"},"content":{"rendered":"\n<p>A hist\u00f3ria da Igreja Cat\u00f3lica guarda epis\u00f3dios pouco conhecidos, alguns marcados por disputas de poder e desfechos violentos. Um dos casos mais enigm\u00e1ticos \u00e9 o de Le\u00e3o V, papa eleito em 903, que permaneceu apenas dois meses \u00e0 frente da Igreja antes de ser deposto, preso e morto em circunst\u00e2ncias nunca totalmente esclarecidas.<\/p>\n\n\n\n<p>Filho de um humilde pastor da regi\u00e3o de Ardea, Le\u00e3o V n\u00e3o tinha v\u00ednculos com as poderosas fam\u00edlias romanas que dominavam a pol\u00edtica e a vida eclesi\u00e1stica. Justamente por isso, sua escolha pode ter sido vista como um gesto de concilia\u00e7\u00e3o em meio \u00e0s tens\u00f5es da \u00e9poca. Mas a tentativa de apaziguar as fac\u00e7\u00f5es n\u00e3o durou muito. Cercado por inimigos, acabou aprisionado e retirado \u00e0 for\u00e7a do trono de Pedro.<\/p>\n\n\n\n<h3 class=\"wp-block-heading\">Mist\u00e9rio e intrigas em torno de sua morte<\/h3>\n\n\n\n<p>As vers\u00f5es sobre seu fim variam. Alguns relatos apontam que o respons\u00e1vel teria sido seu pr\u00f3prio capel\u00e3o, Crist\u00f3v\u00e3o, que alimentava ambi\u00e7\u00f5es pelo cargo e assumiu o papado logo ap\u00f3s a queda de Le\u00e3o. Outros historiadores creditam a S\u00e9rgio III, figura influente e rival declarado, a articula\u00e7\u00e3o para remov\u00ea-lo do poder. Seja como for, o resultado foi o mesmo: Le\u00e3o V morreu sem deixar marcas relevantes na Igreja, lembrado mais pela trag\u00e9dia que o cercou do que por realiza\u00e7\u00f5es de seu breve pontificado.<\/p>\n\n\n\n<h3 class=\"wp-block-heading\">Do passado sombrio ao presente pac\u00edfico<\/h3>\n\n\n\n<p>Mais de mil anos depois, outro papa com o mesmo nome traz um contraste significativo. Eleito em 2025, Le\u00e3o XIV tem se destacado pela mensagem de di\u00e1logo e reconcilia\u00e7\u00e3o. Na semana passada, enviou uma mensagem a um encontro inter-religioso em Bangladesh, onde afirmou que a paz \u201c\u00e9 o sonho mais querido de todos\u201d e pediu que l\u00edderes atuem como \u201cjardineiros da fraternidade\u201d, eliminando as \u201cervas daninhas do preconceito\u201d.<\/p>\n\n\n\n<p>Nascido em Chicago como Robert Francis Prevost, o atual pont\u00edfice escolheu o nome em refer\u00eancia a Le\u00e3o XIII, lembrado por conduzir a Igreja durante as transforma\u00e7\u00f5es da Revolu\u00e7\u00e3o Industrial. Agora, em um mundo marcado pela intelig\u00eancia artificial e pela tecnologia avan\u00e7ada, Le\u00e3o XIV busca reafirmar a dignidade humana e fortalecer pontes entre povos e religi\u00f5es.<\/p>\n","protected":false},"excerpt":{"rendered":"<p>A hist\u00f3ria da Igreja Cat\u00f3lica guarda epis\u00f3dios pouco conhecidos, alguns marcados por disputas de poder e desfechos violentos. Um dos casos mais enigm\u00e1ticos \u00e9 o de Le\u00e3o V, papa eleito em 903, que permaneceu apenas dois meses \u00e0 frente da Igreja antes de ser deposto, preso e morto em circunst\u00e2ncias nunca totalmente esclarecidas. Filho de [&hellip;]<\/p>\n","protected":false},"author":7,"featured_media":3208,"comment_status":"open","ping_status":"open","sticky":false,"template":"","format":"standard","meta":{"jnews-multi-image_gallery":[],"jnews_single_post":{"format":"standard"},"jnews_primary_category":[],"jnews_social_meta":[],"jnews_post_split":[],"footnotes":""},"categories":[1],"tags":[],"class_list":["post-3205","post","type-post","status-publish","format-standard","has-post-thumbnail","hentry","category-uncategorized"],"_links":{"self":[{"href":"https:\/\/diariodepernambuco.audiencelabs.com.br\/wp-json\/wp\/v2\/posts\/3205","targetHints":{"allow":["GET"]}}],"collection":[{"href":"https:\/\/diariodepernambuco.audiencelabs.com.br\/wp-json\/wp\/v2\/posts"}],"about":[{"href":"https:\/\/diariodepernambuco.audiencelabs.com.br\/wp-json\/wp\/v2\/types\/post"}],"author":[{"embeddable":true,"href":"https:\/\/diariodepernambuco.audiencelabs.com.br\/wp-json\/wp\/v2\/users\/7"}],"replies":[{"embeddable":true,"href":"https:\/\/diariodepernambuco.audiencelabs.com.br\/wp-json\/wp\/v2\/comments?post=3205"}],"version-history":[{"count":2,"href":"https:\/\/diariodepernambuco.audiencelabs.com.br\/wp-json\/wp\/v2\/posts\/3205\/revisions"}],"predecessor-version":[{"id":3207,"href":"https:\/\/diariodepernambuco.audiencelabs.com.br\/wp-json\/wp\/v2\/posts\/3205\/revisions\/3207"}],"wp:featuredmedia":[{"embeddable":true,"href":"https:\/\/diariodepernambuco.audiencelabs.com.br\/wp-json\/wp\/v2\/media\/3208"}],"wp:attachment":[{"href":"https:\/\/diariodepernambuco.audiencelabs.com.br\/wp-json\/wp\/v2\/media?parent=3205"}],"wp:term":[{"taxonomy":"category","embeddable":true,"href":"https:\/\/diariodepernambuco.audiencelabs.com.br\/wp-json\/wp\/v2\/categories?post=3205"},{"taxonomy":"post_tag","embeddable":true,"href":"https:\/\/diariodepernambuco.audiencelabs.com.br\/wp-json\/wp\/v2\/tags?post=3205"}],"curies":[{"name":"wp","href":"https:\/\/api.w.org\/{rel}","templated":true}]}}