{"id":3209,"date":"2025-09-14T08:21:00","date_gmt":"2025-09-14T11:21:00","guid":{"rendered":"https:\/\/diariodepernambuco.audiencelabs.com.br\/?p=3209"},"modified":"2025-09-09T16:51:39","modified_gmt":"2025-09-09T19:51:39","slug":"vagas-para-trabalhar-no-ifood-saiba-como-se-inscrever","status":"publish","type":"post","link":"https:\/\/diariodepernambuco.audiencelabs.com.br\/vagas-para-trabalhar-no-ifood-saiba-como-se-inscrever\/","title":{"rendered":"Vagas para trabalhar no iFood: saiba como se inscrever"},"content":{"rendered":"\n<p>Consolidado como uma das principais plataformas de delivery e tecnologia do pa\u00eds, o iFood anunciou a abertura de mais de 100 vagas na \u00e1rea Comercial. As oportunidades s\u00e3o voltadas para profissionais de n\u00edvel pleno e s\u00eanior, com atua\u00e7\u00e3o como executivos de contas comerciais, voltados \u00e0 expans\u00e3o de parcerias e ao desenvolvimento de novos neg\u00f3cios.<\/p>\n\n\n\n<p>As posi\u00e7\u00f5es est\u00e3o dispon\u00edveis em todas as regi\u00f5es do Brasil, contemplando tanto capitais quanto cidades do interior. Entre os estados com vagas abertas est\u00e3o: Alagoas, Amazonas, Bahia, Cear\u00e1, Distrito Federal, Esp\u00edrito Santo, Goi\u00e1s, Mato Grosso, Minas Gerais, Par\u00e1, Paran\u00e1, Rio de Janeiro e S\u00e3o Paulo.<\/p>\n\n\n\n<p>As vagas s\u00e3o destinadas a executivos de contas comerciais, cujas principais responsabilidades envolvem:<\/p>\n\n\n\n<ul class=\"wp-block-list\">\n<li>Expans\u00e3o da base de restaurantes parceiros;<\/li>\n\n\n\n<li>Gest\u00e3o de relacionamento com comerciantes locais;<\/li>\n\n\n\n<li>Negocia\u00e7\u00f5es estrat\u00e9gicas para impulsionar neg\u00f3cios regionais;<\/li>\n\n\n\n<li>Monitoramento de indicadores de desempenho (KPIs);<\/li>\n\n\n\n<li>Atua\u00e7\u00e3o em sinergia com \u00e1reas como marketing, tecnologia e log\u00edstica.<\/li>\n<\/ul>\n\n\n\n<p>O iFood procura candidatos que possuam experi\u00eancia pr\u00e9via em vendas, desenvolvimento de neg\u00f3cios ou atendimento comercial; forte habilidade de negocia\u00e7\u00e3o; capacidade anal\u00edtica para acompanhar metas e m\u00e9tricas de desempenho; dom\u00ednio de ferramentas digitais e aplicativos de gest\u00e3o comercial; e disponibilidade para atuar em modelo remoto, realizando visitas presenciais a clientes quando necess\u00e1rio.<\/p>\n\n\n\n<p>Para participar do processo seletivo, os interessados devem se inscrever diretamente no site oficial de carreiras do iFood, onde \u00e9 poss\u00edvel consultar a lista completa de vagas dispon\u00edveis, requisitos detalhados e etapas da sele\u00e7\u00e3o. O processo costuma incluir an\u00e1lise de curr\u00edculo, entrevistas e, em alguns casos, testes t\u00e9cnicos ou de perfil.<\/p>\n\n\n\n<p>Al\u00e9m dos benef\u00edcios padr\u00e3o oferecidos pela empresa, como plano de sa\u00fade, vale-refei\u00e7\u00e3o e aux\u00edlio home office, o iFood destaca a oportunidade de crescimento profissional em um ambiente inovador, colaborativo e orientado a resultados.<\/p>\n\n\n\n<p><\/p>\n","protected":false},"excerpt":{"rendered":"<p>Consolidado como uma das principais plataformas de delivery e tecnologia do pa\u00eds, o iFood anunciou a abertura de mais de 100 vagas na \u00e1rea Comercial. As oportunidades s\u00e3o voltadas para profissionais de n\u00edvel pleno e s\u00eanior, com atua\u00e7\u00e3o como executivos de contas comerciais, voltados \u00e0 expans\u00e3o de parcerias e ao desenvolvimento de novos neg\u00f3cios. As [&hellip;]<\/p>\n","protected":false},"author":4,"featured_media":684,"comment_status":"open","ping_status":"open","sticky":false,"template":"","format":"standard","meta":{"jnews-multi-image_gallery":[],"jnews_single_post":{"format":"standard"},"jnews_primary_category":[],"jnews_social_meta":[],"jnews_post_split":[],"footnotes":""},"categories":[1],"tags":[],"class_list":["post-3209","post","type-post","status-publish","format-standard","has-post-thumbnail","hentry","category-uncategorized"],"_links":{"self":[{"href":"https:\/\/diariodepernambuco.audiencelabs.com.br\/wp-json\/wp\/v2\/posts\/3209","targetHints":{"allow":["GET"]}}],"collection":[{"href":"https:\/\/diariodepernambuco.audiencelabs.com.br\/wp-json\/wp\/v2\/posts"}],"about":[{"href":"https:\/\/diariodepernambuco.audiencelabs.com.br\/wp-json\/wp\/v2\/types\/post"}],"author":[{"embeddable":true,"href":"https:\/\/diariodepernambuco.audiencelabs.com.br\/wp-json\/wp\/v2\/users\/4"}],"replies":[{"embeddable":true,"href":"https:\/\/diariodepernambuco.audiencelabs.com.br\/wp-json\/wp\/v2\/comments?post=3209"}],"version-history":[{"count":3,"href":"https:\/\/diariodepernambuco.audiencelabs.com.br\/wp-json\/wp\/v2\/posts\/3209\/revisions"}],"predecessor-version":[{"id":3212,"href":"https:\/\/diariodepernambuco.audiencelabs.com.br\/wp-json\/wp\/v2\/posts\/3209\/revisions\/3212"}],"wp:featuredmedia":[{"embeddable":true,"href":"https:\/\/diariodepernambuco.audiencelabs.com.br\/wp-json\/wp\/v2\/media\/684"}],"wp:attachment":[{"href":"https:\/\/diariodepernambuco.audiencelabs.com.br\/wp-json\/wp\/v2\/media?parent=3209"}],"wp:term":[{"taxonomy":"category","embeddable":true,"href":"https:\/\/diariodepernambuco.audiencelabs.com.br\/wp-json\/wp\/v2\/categories?post=3209"},{"taxonomy":"post_tag","embeddable":true,"href":"https:\/\/diariodepernambuco.audiencelabs.com.br\/wp-json\/wp\/v2\/tags?post=3209"}],"curies":[{"name":"wp","href":"https:\/\/api.w.org\/{rel}","templated":true}]}}