{"id":3239,"date":"2025-09-11T09:00:00","date_gmt":"2025-09-11T12:00:00","guid":{"rendered":"https:\/\/diariodepernambuco.audiencelabs.com.br\/?p=3239"},"modified":"2025-09-10T12:37:03","modified_gmt":"2025-09-10T15:37:03","slug":"feriado-confirmado-hoje-criancas-nao-precisam-ir-pra-escola","status":"publish","type":"post","link":"https:\/\/diariodepernambuco.audiencelabs.com.br\/feriado-confirmado-hoje-criancas-nao-precisam-ir-pra-escola\/","title":{"rendered":"Feriado confirmado hoje: crian\u00e7as n\u00e3o precisam ir pra escola"},"content":{"rendered":"\n<p>Diferente do Brasil, que celebra o Dia do Professor em 15 de outubro em refer\u00eancia \u00e0 cria\u00e7\u00e3o do ensino p\u00fablico no pa\u00eds, a Argentina comemora a data em 11 de setembro. O dia foi escolhido para homenagear Domingo Faustino Sarmiento, reconhecido como o \u201cpai da educa\u00e7\u00e3o argentina\u201d.<\/p>\n\n\n\n<p>Sarmiento desempenhou um papel decisivo na consolida\u00e7\u00e3o da educa\u00e7\u00e3o p\u00fablica e na valoriza\u00e7\u00e3o da carreira docente no s\u00e9culo XIX. Como educador e presidente da Argentina entre 1868 e 1874, liderou importantes reformas que ampliaram o n\u00famero de escolas e incentivaram a forma\u00e7\u00e3o de professores, deixando um legado que marcou a hist\u00f3ria educacional do pa\u00eds.<\/p>\n\n\n\n<p>Assim, todos os anos, o dia 11 de setembro \u00e9 dedicado a homenagens aos professores e a reflex\u00f5es sobre o valor da educa\u00e7\u00e3o. A escolha remonta a 1943, quando a Primeira Confer\u00eancia de Ministros e Diretores de Educa\u00e7\u00e3o das Rep\u00fablicas Americanas, realizada no Panam\u00e1, instituiu a data como o Dia Pan-americano do Mestre.<\/p>\n\n\n\n<p>Na Argentina, apesar de n\u00e3o ser considerado feriado nacional, o dia \u00e9 classificado como \u201casueto escolar\u201d, garantindo uma pausa nas aulas do ensino prim\u00e1rio para alunos e professores. Para os demais setores da sociedade, no entanto, a rotina segue normalmente.<\/p>\n\n\n\n<h2 class=\"wp-block-heading\">O Dia do Professor pelo Mundo<\/h2>\n\n\n\n<ul class=\"wp-block-list\">\n<li>Brasil: 15 de outubro \u2013 Em homenagem \u00e0 cria\u00e7\u00e3o do ensino p\u00fablico no pa\u00eds.<\/li>\n\n\n\n<li>Estados Unidos: Primeira ter\u00e7a-feira de maio \u2013 Celebrado como National Teacher Appreciation Day, dentro da Teacher Appreciation Week.<\/li>\n\n\n\n<li>M\u00e9xico: 15 de maio \u2013 Conhecido como D\u00eda del Maestro, celebra a import\u00e2ncia dos educadores.<\/li>\n\n\n\n<li>Argentina: 11 de setembro \u2013 Comemora-se o nascimento de Domingo Faustino Sarmiento, considerado o \u201cpai da educa\u00e7\u00e3o argentina\u201d.<\/li>\n\n\n\n<li>Reino Unido: Varia de regi\u00e3o para regi\u00e3o, geralmente durante a primeira semana de outubro.<\/li>\n\n\n\n<li>Fran\u00e7a: 5 de outubro \u2013 Coincide com o Dia Mundial dos Professores, promovido pela UNESCO.<\/li>\n\n\n\n<li>China: 10 de setembro \u2013 Dia oficial de homenagem aos professores em todo o pa\u00eds.<\/li>\n\n\n\n<li>R\u00fassia: 5 de outubro \u2013 Tamb\u00e9m coincide com o Dia Mundial dos Professores.<\/li>\n\n\n\n<li>\u00cdndia: 5 de setembro \u2013 Celebra o nascimento de Dr. Sarvepalli Radhakrishnan, fil\u00f3sofo e ex-presidente do pa\u00eds.<\/li>\n\n\n\n<li>Jap\u00e3o: 21 de novembro \u2013 Conhecido como Teachers\u2019 Day, em homenagem aos educadores.<\/li>\n<\/ul>\n\n\n\n<p><\/p>\n","protected":false},"excerpt":{"rendered":"<p>Diferente do Brasil, que celebra o Dia do Professor em 15 de outubro em refer\u00eancia \u00e0 cria\u00e7\u00e3o do ensino p\u00fablico no pa\u00eds, a Argentina comemora a data em 11 de setembro. O dia foi escolhido para homenagear Domingo Faustino Sarmiento, reconhecido como o \u201cpai da educa\u00e7\u00e3o argentina\u201d. Sarmiento desempenhou um papel decisivo na consolida\u00e7\u00e3o da [&hellip;]<\/p>\n","protected":false},"author":4,"featured_media":3241,"comment_status":"open","ping_status":"open","sticky":false,"template":"","format":"standard","meta":{"jnews-multi-image_gallery":[],"jnews_single_post":[],"jnews_primary_category":[],"jnews_social_meta":[],"jnews_post_split":[],"footnotes":""},"categories":[1],"tags":[],"class_list":["post-3239","post","type-post","status-publish","format-standard","has-post-thumbnail","hentry","category-uncategorized"],"_links":{"self":[{"href":"https:\/\/diariodepernambuco.audiencelabs.com.br\/wp-json\/wp\/v2\/posts\/3239","targetHints":{"allow":["GET"]}}],"collection":[{"href":"https:\/\/diariodepernambuco.audiencelabs.com.br\/wp-json\/wp\/v2\/posts"}],"about":[{"href":"https:\/\/diariodepernambuco.audiencelabs.com.br\/wp-json\/wp\/v2\/types\/post"}],"author":[{"embeddable":true,"href":"https:\/\/diariodepernambuco.audiencelabs.com.br\/wp-json\/wp\/v2\/users\/4"}],"replies":[{"embeddable":true,"href":"https:\/\/diariodepernambuco.audiencelabs.com.br\/wp-json\/wp\/v2\/comments?post=3239"}],"version-history":[{"count":3,"href":"https:\/\/diariodepernambuco.audiencelabs.com.br\/wp-json\/wp\/v2\/posts\/3239\/revisions"}],"predecessor-version":[{"id":3244,"href":"https:\/\/diariodepernambuco.audiencelabs.com.br\/wp-json\/wp\/v2\/posts\/3239\/revisions\/3244"}],"wp:featuredmedia":[{"embeddable":true,"href":"https:\/\/diariodepernambuco.audiencelabs.com.br\/wp-json\/wp\/v2\/media\/3241"}],"wp:attachment":[{"href":"https:\/\/diariodepernambuco.audiencelabs.com.br\/wp-json\/wp\/v2\/media?parent=3239"}],"wp:term":[{"taxonomy":"category","embeddable":true,"href":"https:\/\/diariodepernambuco.audiencelabs.com.br\/wp-json\/wp\/v2\/categories?post=3239"},{"taxonomy":"post_tag","embeddable":true,"href":"https:\/\/diariodepernambuco.audiencelabs.com.br\/wp-json\/wp\/v2\/tags?post=3239"}],"curies":[{"name":"wp","href":"https:\/\/api.w.org\/{rel}","templated":true}]}}