{"id":3249,"date":"2025-09-11T10:30:00","date_gmt":"2025-09-11T13:30:00","guid":{"rendered":"https:\/\/diariodepernambuco.audiencelabs.com.br\/?p=3249"},"modified":"2025-09-10T13:54:24","modified_gmt":"2025-09-10T16:54:24","slug":"brasil-foi-confirmado-fora-da-copa-do-mundo","status":"publish","type":"post","link":"https:\/\/diariodepernambuco.audiencelabs.com.br\/brasil-foi-confirmado-fora-da-copa-do-mundo\/","title":{"rendered":"Brasil foi confirmado fora da Copa do Mundo"},"content":{"rendered":"\n<p>O sonho do Brasil em conquistar o in\u00e9dito t\u00edtulo da Copa do Mundo de Voleibol Feminino esbarrou na forte sele\u00e7\u00e3o da It\u00e1lia. Atual vice-campe\u00e3o da competi\u00e7\u00e3o, o time comandado pelo t\u00e9cnico Z\u00e9 Roberto acabou superado de virada por 3 sets a 2 (22\/25, 25\/22, 28\/30, 25\/22 e 15\/13) em partida disputada em Bangcoc, na Tail\u00e2ndia, no \u00faltimo s\u00e1bado (6).<\/p>\n\n\n\n<p>Apesar do rev\u00e9s do Brasil, Gabi e Julia Kudiess se destacaram com atua\u00e7\u00f5es expressivas. Na It\u00e1lia, Antropova foi a maior pontuadora da partida, enquanto a estrela Paola Egonu brilhou especialmente nos sets finais, com desempenho decisivo no tie-break. A derrota frente as italianas fez com que as meninas fossem decidir a medalhe de bronze contra o Jap\u00e3o. E a\u00ed sim deu Brasil!<\/p>\n\n\n<div class=\"wp-block-image\">\n<figure class=\"aligncenter size-full is-resized\"><img loading=\"lazy\" decoding=\"async\" width=\"640\" height=\"360\" src=\"https:\/\/diariodepernambuco.audiencelabs.com.br\/wp-content\/uploads\/2025\/09\/Brasil-x-Italia-Volei.avif\" alt=\"\" class=\"wp-image-3253\" style=\"width:651px;height:auto\" srcset=\"https:\/\/diariodepernambuco.audiencelabs.com.br\/wp-content\/uploads\/2025\/09\/Brasil-x-Italia-Volei.avif 640w, https:\/\/diariodepernambuco.audiencelabs.com.br\/wp-content\/uploads\/2025\/09\/Brasil-x-Italia-Volei-300x169.avif 300w\" sizes=\"auto, (max-width: 640px) 100vw, 640px\" \/><figcaption class=\"wp-element-caption\">Bloqueio brasileiro tenta marcar um ataque italiano (Foto: Divulga\u00e7\u00e3o\/FIVB)<\/figcaption><\/figure>\n<\/div>\n\n\n<p>No domingo (7), sele\u00e7\u00e3o derrotou as japonesas por 3 sets a 2 em um duelo eletrizante, com parciais de 25\/12, 25\/17, 19\/25, 27\/29 e 18\/16. De novo, Gabi chamou a aten\u00e7\u00e3o com 35 pontos anotados. Com a vit\u00f3ria, o Brasil aumenta sua cole\u00e7\u00e3o de medalhas no Mundial e chega a seis no total: quatro pratas e dois bronzes. O Jap\u00e3o, por outro lado, manteve a seca de 15 anos sem p\u00f3dio.<\/p>\n\n\n\n<p>A sele\u00e7\u00e3o feminina n\u00e3o conquista um t\u00edtulo intercontinental desde 2017, quando faturou o Grand Prix. Apesar desse jejum, a equipe segue com desempenho expressivo em competi\u00e7\u00f5es internacionais: conquistou duas medalhas ol\u00edmpicas \u2014 prata em 2021 e bronze em 2024 \u2014, dois p\u00f3dios em Campeonatos Mundiais \u2014 vice-campe\u00e3 em 2022 e bronze em 2025 \u2014 e quatro medalhas na Liga das Na\u00e7\u00f5es.<\/p>\n","protected":false},"excerpt":{"rendered":"<p>O sonho do Brasil em conquistar o in\u00e9dito t\u00edtulo da Copa do Mundo de Voleibol Feminino esbarrou na forte sele\u00e7\u00e3o da It\u00e1lia. Atual vice-campe\u00e3o da competi\u00e7\u00e3o, o time comandado pelo t\u00e9cnico Z\u00e9 Roberto acabou superado de virada por 3 sets a 2 (22\/25, 25\/22, 28\/30, 25\/22 e 15\/13) em partida disputada em Bangcoc, na Tail\u00e2ndia, [&hellip;]<\/p>\n","protected":false},"author":4,"featured_media":3251,"comment_status":"open","ping_status":"open","sticky":false,"template":"","format":"standard","meta":{"jnews-multi-image_gallery":[],"jnews_single_post":{"format":"standard"},"jnews_primary_category":[],"jnews_social_meta":[],"jnews_post_split":[],"footnotes":""},"categories":[1],"tags":[],"class_list":["post-3249","post","type-post","status-publish","format-standard","has-post-thumbnail","hentry","category-uncategorized"],"_links":{"self":[{"href":"https:\/\/diariodepernambuco.audiencelabs.com.br\/wp-json\/wp\/v2\/posts\/3249","targetHints":{"allow":["GET"]}}],"collection":[{"href":"https:\/\/diariodepernambuco.audiencelabs.com.br\/wp-json\/wp\/v2\/posts"}],"about":[{"href":"https:\/\/diariodepernambuco.audiencelabs.com.br\/wp-json\/wp\/v2\/types\/post"}],"author":[{"embeddable":true,"href":"https:\/\/diariodepernambuco.audiencelabs.com.br\/wp-json\/wp\/v2\/users\/4"}],"replies":[{"embeddable":true,"href":"https:\/\/diariodepernambuco.audiencelabs.com.br\/wp-json\/wp\/v2\/comments?post=3249"}],"version-history":[{"count":2,"href":"https:\/\/diariodepernambuco.audiencelabs.com.br\/wp-json\/wp\/v2\/posts\/3249\/revisions"}],"predecessor-version":[{"id":3254,"href":"https:\/\/diariodepernambuco.audiencelabs.com.br\/wp-json\/wp\/v2\/posts\/3249\/revisions\/3254"}],"wp:featuredmedia":[{"embeddable":true,"href":"https:\/\/diariodepernambuco.audiencelabs.com.br\/wp-json\/wp\/v2\/media\/3251"}],"wp:attachment":[{"href":"https:\/\/diariodepernambuco.audiencelabs.com.br\/wp-json\/wp\/v2\/media?parent=3249"}],"wp:term":[{"taxonomy":"category","embeddable":true,"href":"https:\/\/diariodepernambuco.audiencelabs.com.br\/wp-json\/wp\/v2\/categories?post=3249"},{"taxonomy":"post_tag","embeddable":true,"href":"https:\/\/diariodepernambuco.audiencelabs.com.br\/wp-json\/wp\/v2\/tags?post=3249"}],"curies":[{"name":"wp","href":"https:\/\/api.w.org\/{rel}","templated":true}]}}