{"id":3268,"date":"2025-09-11T14:00:00","date_gmt":"2025-09-11T17:00:00","guid":{"rendered":"https:\/\/diariodepernambuco.audiencelabs.com.br\/?p=3268"},"modified":"2025-09-10T15:05:37","modified_gmt":"2025-09-10T18:05:37","slug":"5-jornalistas-que-quase-assumiram-a-vaga-de-william-bonner-no-jn","status":"publish","type":"post","link":"https:\/\/diariodepernambuco.audiencelabs.com.br\/5-jornalistas-que-quase-assumiram-a-vaga-de-william-bonner-no-jn\/","title":{"rendered":"5 jornalistas que quase assumiram a vaga de William Bonner no JN"},"content":{"rendered":"\n<p>O Jornal Nacional \u00e9 um dos principais programas de not\u00edcias do Brasil, e a cadeira de William Bonner \u00e0 frente do telejornal \u00e9 considerada uma das posi\u00e7\u00f5es mais cobi\u00e7adas do jornalismo televisivo nacional. Ao longo dos anos, diversos profissionais se destacaram e chegaram muito perto de assumir o posto, mas, por diferentes raz\u00f5es, acabaram n\u00e3o ocupando a fun\u00e7\u00e3o.<\/p>\n\n\n\n<p>Entre os jornalistas que quase assumiram a vaga de William Bonner no Jornal Nacional, alguns nomes se destacam:<\/p>\n\n\n\n<ul class=\"wp-block-list\">\n<li>Carlos Nascimento: Com vasta experi\u00eancia no jornalismo televisivo, Nascimento chegou a ser cotado para o posto antes mesmo de Bonner assumi-lo em 1996, mas acabou seguindo carreira em outros programas de not\u00edcias. O \u00e2ncora acabou se fixando no Jornal Hoje, indo para a Band em 2004 e para o SBT em 2006, onde ficou at\u00e9 2020.<\/li>\n<\/ul>\n\n\n\n<ul class=\"wp-block-list\">\n<li>Evaristo Costa: Conhecido pelo carisma e pelo estilo descontra\u00eddo, Evaristo teve chances de assumir a bancada principal, mas optou por novos desafios fora da Globo, incluindo projetos internacionais. Atualmente com 48 anos, segue longe da telinha, mas tem forte presen\u00e7a nas redes sociais.<\/li>\n<\/ul>\n\n\n\n<ul class=\"wp-block-list\">\n<li>Dony de Nuccio: Jovem e promissor, Dony foi considerado para o posto, mas sua carreira tomou outro rumo, incluindo passagens por diferentes emissoras e mercados financeiros. Em julho de 2019, o site Not\u00edcias da TV revelou que o jornalista teria quebrado o C\u00f3digo de \u00c9tica e de Conduta do Grupo Globo, ao assinar contrato com a Bradesco Seguros.<\/li>\n<\/ul>\n\n\n\n<ul class=\"wp-block-list\">\n<li>M\u00e1rcio Gomes: Com s\u00f3lida trajet\u00f3ria como rep\u00f3rter e apresentador de telejornais, M\u00e1rcio tamb\u00e9m esteve entre os cotados, embora tenha consolidado sua carreira em programas de jornalismo ao vivo e coberturas especiais. Em novembro de 2020, ele surpreendeu ao anunciar sua sa\u00edda da Globo e assinar com a CNN Brasil, onde se tornou apresentador do principal telejornal do canal.<\/li>\n<\/ul>\n\n\n\n<ul class=\"wp-block-list\">\n<li>Rodrigo Bocardi: Bocardi, conhecido pelo desempenho \u00e0 frente do Bom Dia S\u00e3o Paulo, esteve na lista de poss\u00edveis substitutos, mas foi outro a dizer adeus \u00e0 Globo por, supostamente, descumprir normas da empresa. Aos 49 anos, est\u00e1 longe da TV e se mant\u00e9m ativo nas redes sociais.<\/li>\n<\/ul>\n\n\n\n<h2 class=\"wp-block-heading\">Substituto de Bonner ter\u00e1 aumento de sal\u00e1rio<\/h2>\n\n\n\n<p>O Jornal Nacional, principal telejornal do Brasil, passa por uma mudan\u00e7a hist\u00f3rica. Ap\u00f3s 29 anos \u00e0 frente da bancada e tamb\u00e9m no cargo de editor-chefe, William Bonner se despede, marcando o fim de uma era e a chegada de uma nova fase. A Globo surpreendeu ao rever decis\u00f5es anteriores e oficializar, de forma definitiva, o sucessor: C\u00e9sar Tralli, atual \u00e2ncora do Jornal Hoje.<\/p>\n\n\n\n<p>A decis\u00e3o oficializada na \u00faltima semana confirma que C\u00e9sar Tralli ser\u00e1 o novo apresentador do Jornal Nacional a partir de novembro. Ele passar\u00e1 a receber cerca de R$ 350 mil por m\u00eas, mais que o triplo do sal\u00e1rio atual, segundo o colunista Andr\u00e9 Romano, do Observat\u00f3rio da TV (UOL). Enquanto isso, Bonner passar\u00e1 a comandar o Globo Rep\u00f3rter com Sandra Annenberg.<\/p>\n","protected":false},"excerpt":{"rendered":"<p>O Jornal Nacional \u00e9 um dos principais programas de not\u00edcias do Brasil, e a cadeira de William Bonner \u00e0 frente do telejornal \u00e9 considerada uma das posi\u00e7\u00f5es mais cobi\u00e7adas do jornalismo televisivo nacional. Ao longo dos anos, diversos profissionais se destacaram e chegaram muito perto de assumir o posto, mas, por diferentes raz\u00f5es, acabaram n\u00e3o [&hellip;]<\/p>\n","protected":false},"author":4,"featured_media":2922,"comment_status":"open","ping_status":"open","sticky":false,"template":"","format":"standard","meta":{"jnews-multi-image_gallery":[],"jnews_single_post":{"format":"standard"},"jnews_primary_category":[],"jnews_social_meta":[],"jnews_post_split":[],"footnotes":""},"categories":[1],"tags":[],"class_list":["post-3268","post","type-post","status-publish","format-standard","has-post-thumbnail","hentry","category-uncategorized"],"_links":{"self":[{"href":"https:\/\/diariodepernambuco.audiencelabs.com.br\/wp-json\/wp\/v2\/posts\/3268","targetHints":{"allow":["GET"]}}],"collection":[{"href":"https:\/\/diariodepernambuco.audiencelabs.com.br\/wp-json\/wp\/v2\/posts"}],"about":[{"href":"https:\/\/diariodepernambuco.audiencelabs.com.br\/wp-json\/wp\/v2\/types\/post"}],"author":[{"embeddable":true,"href":"https:\/\/diariodepernambuco.audiencelabs.com.br\/wp-json\/wp\/v2\/users\/4"}],"replies":[{"embeddable":true,"href":"https:\/\/diariodepernambuco.audiencelabs.com.br\/wp-json\/wp\/v2\/comments?post=3268"}],"version-history":[{"count":2,"href":"https:\/\/diariodepernambuco.audiencelabs.com.br\/wp-json\/wp\/v2\/posts\/3268\/revisions"}],"predecessor-version":[{"id":3271,"href":"https:\/\/diariodepernambuco.audiencelabs.com.br\/wp-json\/wp\/v2\/posts\/3268\/revisions\/3271"}],"wp:featuredmedia":[{"embeddable":true,"href":"https:\/\/diariodepernambuco.audiencelabs.com.br\/wp-json\/wp\/v2\/media\/2922"}],"wp:attachment":[{"href":"https:\/\/diariodepernambuco.audiencelabs.com.br\/wp-json\/wp\/v2\/media?parent=3268"}],"wp:term":[{"taxonomy":"category","embeddable":true,"href":"https:\/\/diariodepernambuco.audiencelabs.com.br\/wp-json\/wp\/v2\/categories?post=3268"},{"taxonomy":"post_tag","embeddable":true,"href":"https:\/\/diariodepernambuco.audiencelabs.com.br\/wp-json\/wp\/v2\/tags?post=3268"}],"curies":[{"name":"wp","href":"https:\/\/api.w.org\/{rel}","templated":true}]}}