{"id":3272,"date":"2025-09-11T15:00:00","date_gmt":"2025-09-11T18:00:00","guid":{"rendered":"https:\/\/diariodepernambuco.audiencelabs.com.br\/?p=3272"},"modified":"2025-09-10T15:11:17","modified_gmt":"2025-09-10T18:11:17","slug":"saiba-como-eliminar-sua-divida-do-cartao-de-credito","status":"publish","type":"post","link":"https:\/\/diariodepernambuco.audiencelabs.com.br\/saiba-como-eliminar-sua-divida-do-cartao-de-credito\/","title":{"rendered":"Saiba como eliminar sua d\u00edvida do cart\u00e3o de cr\u00e9dito"},"content":{"rendered":"\n<p>As d\u00edvidas de cart\u00e3o de cr\u00e9dito se tornaram um dos principais desafios para a sa\u00fade financeira dos brasileiros. Com juros entre os mais altos do mundo, o atraso ou a falta de pagamento das faturas pode transformar valores modestos em montantes enormes, resultando em um ciclo de endividamento e inadimpl\u00eancia cr\u00f4nica para muitos consumidores.<\/p>\n\n\n\n<p>A partir deste m\u00eas, novas diretrizes refor\u00e7am os prazos de prescri\u00e7\u00e3o e as regras para o registro do hist\u00f3rico de inadimpl\u00eancia, levantando quest\u00f5es importantes: at\u00e9 quando uma d\u00edvida pode ser cobrada? E quais s\u00e3o as consequ\u00eancias efetivas para quem n\u00e3o consegue pagar a fatura?<\/p>\n\n\n\n<p>Deixar de pagar a fatura do cart\u00e3o de cr\u00e9dito gera consequ\u00eancias imediatas, como o bloqueio do cart\u00e3o, a suspens\u00e3o dos limites de cr\u00e9dito e, em poucos dias, a inclus\u00e3o do nome do consumidor em cadastros de inadimplentes, como SPC e Serasa. Um dos erros mais comuns \u00e9 optar pelo pagamento apenas do valor m\u00ednimo da fatura.<\/p>\n\n\n\n<p>O cr\u00e9dito rotativo dos cart\u00f5es pode ultrapassar 400% ao ano em algumas institui\u00e7\u00f5es financeiras. Al\u00e9m disso, em caso de atraso, as taxas punitivas com o Custo Efetivo Total da Opera\u00e7\u00e3o (CET) podem dobrar a d\u00edvida inicial em poucos meses. Uma vez registrado como inadimplente, o consumidor enfrenta grandes dificuldades para acessar empr\u00e9stimos, financiamentos e outros servi\u00e7os.<\/p>\n\n\n\n<p>Para eliminar a d\u00edvida do cart\u00e3o de cr\u00e9dito, \u00e9 fundamental adotar estrat\u00e9gias que permitam retomar o controle das finan\u00e7as. O primeiro passo \u00e9 mapear todos os gastos e identificar o valor total devido, incluindo juros e taxas. A negocia\u00e7\u00e3o direta com o banco ou operadora do cart\u00e3o \u00e9 uma alternativa eficaz: muitas institui\u00e7\u00f5es oferecem parcelamento da d\u00edvida ou redu\u00e7\u00e3o de juros para pagamentos \u00e0 vista.<\/p>\n\n\n\n<p>Outra medida importante \u00e9 priorizar o pagamento do cart\u00e3o de cr\u00e9dito em rela\u00e7\u00e3o a outras d\u00edvidas de menor custo, evitando que o rotativo aumente ainda mais o saldo devedor. Al\u00e9m disso, controlar os gastos futuros e manter um planejamento financeiro rigoroso ajuda a evitar que a situa\u00e7\u00e3o se repita.<\/p>\n\n\n\n<p><\/p>\n","protected":false},"excerpt":{"rendered":"<p>As d\u00edvidas de cart\u00e3o de cr\u00e9dito se tornaram um dos principais desafios para a sa\u00fade financeira dos brasileiros. Com juros entre os mais altos do mundo, o atraso ou a falta de pagamento das faturas pode transformar valores modestos em montantes enormes, resultando em um ciclo de endividamento e inadimpl\u00eancia cr\u00f4nica para muitos consumidores. A [&hellip;]<\/p>\n","protected":false},"author":4,"featured_media":1207,"comment_status":"open","ping_status":"open","sticky":false,"template":"","format":"standard","meta":{"jnews-multi-image_gallery":[],"jnews_single_post":[],"jnews_primary_category":[],"jnews_social_meta":[],"jnews_post_split":[],"footnotes":""},"categories":[1],"tags":[],"class_list":["post-3272","post","type-post","status-publish","format-standard","has-post-thumbnail","hentry","category-uncategorized"],"_links":{"self":[{"href":"https:\/\/diariodepernambuco.audiencelabs.com.br\/wp-json\/wp\/v2\/posts\/3272","targetHints":{"allow":["GET"]}}],"collection":[{"href":"https:\/\/diariodepernambuco.audiencelabs.com.br\/wp-json\/wp\/v2\/posts"}],"about":[{"href":"https:\/\/diariodepernambuco.audiencelabs.com.br\/wp-json\/wp\/v2\/types\/post"}],"author":[{"embeddable":true,"href":"https:\/\/diariodepernambuco.audiencelabs.com.br\/wp-json\/wp\/v2\/users\/4"}],"replies":[{"embeddable":true,"href":"https:\/\/diariodepernambuco.audiencelabs.com.br\/wp-json\/wp\/v2\/comments?post=3272"}],"version-history":[{"count":2,"href":"https:\/\/diariodepernambuco.audiencelabs.com.br\/wp-json\/wp\/v2\/posts\/3272\/revisions"}],"predecessor-version":[{"id":3274,"href":"https:\/\/diariodepernambuco.audiencelabs.com.br\/wp-json\/wp\/v2\/posts\/3272\/revisions\/3274"}],"wp:featuredmedia":[{"embeddable":true,"href":"https:\/\/diariodepernambuco.audiencelabs.com.br\/wp-json\/wp\/v2\/media\/1207"}],"wp:attachment":[{"href":"https:\/\/diariodepernambuco.audiencelabs.com.br\/wp-json\/wp\/v2\/media?parent=3272"}],"wp:term":[{"taxonomy":"category","embeddable":true,"href":"https:\/\/diariodepernambuco.audiencelabs.com.br\/wp-json\/wp\/v2\/categories?post=3272"},{"taxonomy":"post_tag","embeddable":true,"href":"https:\/\/diariodepernambuco.audiencelabs.com.br\/wp-json\/wp\/v2\/tags?post=3272"}],"curies":[{"name":"wp","href":"https:\/\/api.w.org\/{rel}","templated":true}]}}