{"id":3280,"date":"2025-09-11T16:30:00","date_gmt":"2025-09-11T19:30:00","guid":{"rendered":"https:\/\/diariodepernambuco.audiencelabs.com.br\/?p=3280"},"modified":"2025-09-10T15:28:00","modified_gmt":"2025-09-10T18:28:00","slug":"pesquisa-eleitoral-traz-pessima-noticia-para-bolsonaro","status":"publish","type":"post","link":"https:\/\/diariodepernambuco.audiencelabs.com.br\/pesquisa-eleitoral-traz-pessima-noticia-para-bolsonaro\/","title":{"rendered":"Pesquisa eleitoral traz p\u00e9ssima not\u00edcia para Bolsonaro"},"content":{"rendered":"\n<p>Uma pesquisa eleitoral realizada por telefone, conduzida pelo Instituto IBESPE, aponta um cen\u00e1rio preocupante para o ex-presidente Jair Bolsonaro (PL) nas elei\u00e7\u00f5es de 2026. De acordo com o instituto, que participou da campanha de Bolsonaro em 2022, o capit\u00e3o reformado do Ex\u00e9rcito registra atualmente 18,8% das inten\u00e7\u00f5es de voto na pesquisa espont\u00e2nea.<\/p>\n\n\n\n<p>O presidente Lula (PT) lidera a pesquisa, com 31,5% das inten\u00e7\u00f5es de voto. Em rela\u00e7\u00e3o ao levantamento anterior do IBESPE, realizado em junho, Bolsonaro perdeu quase cinco pontos percentuais, caindo de 23,1% para 18,8%. Desde que entrou em pris\u00e3o domiciliar, no dia 4 de agosto, e foi proibido de conceder entrevistas, o ex-presidente parece estar perdendo rapidamente espa\u00e7o.<\/p>\n\n\n\n<p>A pesquisa espont\u00e2nea \u00e9 aquela em que o entrevistador n\u00e3o apresenta op\u00e7\u00f5es de resposta ao participante. O levantamento do IBESPE foi realizado por meio de liga\u00e7\u00f5es telef\u00f4nicas aleat\u00f3rias, entre os dias 1\u00ba e 4 deste m\u00eas, entrevistando 1.008 pessoas em todo o pa\u00eds. A margem de erro \u00e9 de 3,1 pontos percentuais, com n\u00edvel de confian\u00e7a de 95%.<\/p>\n\n\n\n<p>O levantamento tamb\u00e9m indica que o grupo dos \u201coutros candidatos\u201d teve um crescimento significativo na lembran\u00e7a dos eleitores, passando de 2,5% em junho para 13% atualmente. Entre eles, o mais citado \u00e9 Tarc\u00edsio de Freitas, com 6,8%, seguido por Ciro Gomes (1,1%) e Nikolas Ferreira (0,7%).<\/p>\n\n\n\n<h2 class=\"wp-block-heading\">Quem \u00e9 o prov\u00e1vel opositor de Lula em 2026?<\/h2>\n\n\n\n<p>\u00c0 medida que as elei\u00e7\u00f5es presidenciais se aproximam, aumentam as especula\u00e7\u00f5es sobre quem poder\u00e1 enfrentar Lula na corrida pelo Pal\u00e1cio do Planalto. Com Jair Bolsonaro fora da disputa devido \u00e0 inelegibilidade, o cen\u00e1rio pol\u00edtico come\u00e7a a se movimentar, com partidos em busca de alian\u00e7as e surgimento de novos nomes como alternativas de oposi\u00e7\u00e3o.<\/p>\n\n\n\n<p>Nas \u00faltimas semanas, o governador de S\u00e3o Paulo, Tarc\u00edsio de Freitas, desponta como favorito entre os bolsonaristas. Outro nome que tem chamado aten\u00e7\u00e3o \u00e9 Ratinho J\u00fanior, governador do Paran\u00e1, que registra forte aprova\u00e7\u00e3o: segundo levantamento do \u2018Paran\u00e1 Pesquisas\u2019, 85% dos paranaenses aprovam sua gest\u00e3o.<\/p>\n\n\n\n<p><\/p>\n","protected":false},"excerpt":{"rendered":"<p>Uma pesquisa eleitoral realizada por telefone, conduzida pelo Instituto IBESPE, aponta um cen\u00e1rio preocupante para o ex-presidente Jair Bolsonaro (PL) nas elei\u00e7\u00f5es de 2026. De acordo com o instituto, que participou da campanha de Bolsonaro em 2022, o capit\u00e3o reformado do Ex\u00e9rcito registra atualmente 18,8% das inten\u00e7\u00f5es de voto na pesquisa espont\u00e2nea. O presidente Lula [&hellip;]<\/p>\n","protected":false},"author":4,"featured_media":3281,"comment_status":"open","ping_status":"open","sticky":false,"template":"","format":"standard","meta":{"jnews-multi-image_gallery":[],"jnews_single_post":{"format":"standard"},"jnews_primary_category":[],"jnews_social_meta":[],"jnews_post_split":[],"footnotes":""},"categories":[1],"tags":[],"class_list":["post-3280","post","type-post","status-publish","format-standard","has-post-thumbnail","hentry","category-uncategorized"],"_links":{"self":[{"href":"https:\/\/diariodepernambuco.audiencelabs.com.br\/wp-json\/wp\/v2\/posts\/3280","targetHints":{"allow":["GET"]}}],"collection":[{"href":"https:\/\/diariodepernambuco.audiencelabs.com.br\/wp-json\/wp\/v2\/posts"}],"about":[{"href":"https:\/\/diariodepernambuco.audiencelabs.com.br\/wp-json\/wp\/v2\/types\/post"}],"author":[{"embeddable":true,"href":"https:\/\/diariodepernambuco.audiencelabs.com.br\/wp-json\/wp\/v2\/users\/4"}],"replies":[{"embeddable":true,"href":"https:\/\/diariodepernambuco.audiencelabs.com.br\/wp-json\/wp\/v2\/comments?post=3280"}],"version-history":[{"count":2,"href":"https:\/\/diariodepernambuco.audiencelabs.com.br\/wp-json\/wp\/v2\/posts\/3280\/revisions"}],"predecessor-version":[{"id":3283,"href":"https:\/\/diariodepernambuco.audiencelabs.com.br\/wp-json\/wp\/v2\/posts\/3280\/revisions\/3283"}],"wp:featuredmedia":[{"embeddable":true,"href":"https:\/\/diariodepernambuco.audiencelabs.com.br\/wp-json\/wp\/v2\/media\/3281"}],"wp:attachment":[{"href":"https:\/\/diariodepernambuco.audiencelabs.com.br\/wp-json\/wp\/v2\/media?parent=3280"}],"wp:term":[{"taxonomy":"category","embeddable":true,"href":"https:\/\/diariodepernambuco.audiencelabs.com.br\/wp-json\/wp\/v2\/categories?post=3280"},{"taxonomy":"post_tag","embeddable":true,"href":"https:\/\/diariodepernambuco.audiencelabs.com.br\/wp-json\/wp\/v2\/tags?post=3280"}],"curies":[{"name":"wp","href":"https:\/\/api.w.org\/{rel}","templated":true}]}}