{"id":3301,"date":"2025-09-11T18:30:00","date_gmt":"2025-09-11T21:30:00","guid":{"rendered":"https:\/\/diariodepernambuco.audiencelabs.com.br\/?p=3301"},"modified":"2025-09-10T16:05:53","modified_gmt":"2025-09-10T19:05:53","slug":"valor-liberado-para-saque-aniversario-antes-do-tempo-foi-confirmado","status":"publish","type":"post","link":"https:\/\/diariodepernambuco.audiencelabs.com.br\/valor-liberado-para-saque-aniversario-antes-do-tempo-foi-confirmado\/","title":{"rendered":"Valor liberado para Saque-Anivers\u00e1rio antes do tempo: foi confirmado!"},"content":{"rendered":"\n<p>Boas not\u00edcias para quem \u00e9 trabalhador e participa do FGTS: o valor referente ao Saque-Anivers\u00e1rio poder\u00e1 ser retirado antes do prazo previsto. A medida, confirmada recentemente pelo governo, promete antecipar o acesso a recursos que podem ajudar no planejamento financeiro, pagamento de d\u00edvidas ou realiza\u00e7\u00e3o de projetos pessoais.<\/p>\n\n\n\n<p>A libera\u00e7\u00e3o antecipada do Saque-Anivers\u00e1rio permite que o trabalhador retire parte do saldo dispon\u00edvel no FGTS no m\u00eas do seu anivers\u00e1rio, sem precisar esperar a data originalmente prevista. O valor liberado varia de acordo com o saldo na conta do FGTS e a faixa de saque escolhida, podendo ser retirado em parcela \u00fanica ou em at\u00e9 tr\u00eas parcelas, dependendo da regulamenta\u00e7\u00e3o vigente.<\/p>\n\n\n\n<p>Para solicitar a antecipa\u00e7\u00e3o, \u00e9 necess\u00e1rio acessar o aplicativo do FGTS, dispon\u00edvel para Android e iOS, ou realizar o procedimento pelo site oficial da Caixa Econ\u00f4mica Federal. O trabalhador deve estar atento aos prazos e \u00e0s regras espec\u00edficas para evitar qualquer impedimento na libera\u00e7\u00e3o do dinheiro.<\/p>\n\n\n\n<p>\u00c9 poss\u00edvel calcular o valor do saque diretamente pelo aplicativo FGTS, o que ajuda o trabalhador a se organizar e planejar o uso dos recursos com anteced\u00eancia. Al\u00e9m disso, \u00e9 fundamental ficar atento \u00e0s atualiza\u00e7\u00f5es da tabela e \u00e0s regras, que podem sofrer pequenas altera\u00e7\u00f5es a cada ano.<\/p>\n\n\n\n<h2 class=\"wp-block-heading\">Calend\u00e1rio do Saque-Anivers\u00e1rio do FGTS 2025<\/h2>\n\n\n\n<ul class=\"wp-block-list\">\n<li>Janeiro: de 2 de janeiro a 31 de mar\u00e7o de 2025<\/li>\n\n\n\n<li>Fevereiro: de 3 de fevereiro a 30 de abril de 2025<\/li>\n\n\n\n<li>Mar\u00e7o: de 3 de mar\u00e7o a 30 de maio de 2025<\/li>\n\n\n\n<li>Abril: de 1\u00ba de abril a 30 de junho de 2025<\/li>\n\n\n\n<li>Maio: de 2 de maio a 31 de julho de 2025<\/li>\n\n\n\n<li>Junho: de 2 de junho a 29 de agosto de 2025<\/li>\n\n\n\n<li>Julho: de 1\u00ba de julho a 30 de setembro de 2025<\/li>\n\n\n\n<li>Agosto: de 1\u00ba de agosto a 31 de outubro de 2025<\/li>\n\n\n\n<li>Setembro: de 1\u00ba de setembro a 28 de novembro de 2025<\/li>\n\n\n\n<li>Outubro: de 1\u00ba de outubro a 30 de dezembro de 2025<\/li>\n\n\n\n<li>Novembro: de 3 de novembro de 2025 a 30 de janeiro de 2026<\/li>\n\n\n\n<li>Dezembro: de 1\u00ba de dezembro de 2025 a 27 de fevereiro de 2026<\/li>\n<\/ul>\n\n\n\n<p><\/p>\n","protected":false},"excerpt":{"rendered":"<p>Boas not\u00edcias para quem \u00e9 trabalhador e participa do FGTS: o valor referente ao Saque-Anivers\u00e1rio poder\u00e1 ser retirado antes do prazo previsto. A medida, confirmada recentemente pelo governo, promete antecipar o acesso a recursos que podem ajudar no planejamento financeiro, pagamento de d\u00edvidas ou realiza\u00e7\u00e3o de projetos pessoais. A libera\u00e7\u00e3o antecipada do Saque-Anivers\u00e1rio permite que [&hellip;]<\/p>\n","protected":false},"author":4,"featured_media":0,"comment_status":"open","ping_status":"open","sticky":false,"template":"","format":"standard","meta":{"jnews-multi-image_gallery":[],"jnews_single_post":{"format":"standard"},"jnews_primary_category":[],"jnews_social_meta":[],"jnews_post_split":[],"footnotes":""},"categories":[1],"tags":[],"class_list":["post-3301","post","type-post","status-publish","format-standard","hentry","category-uncategorized"],"_links":{"self":[{"href":"https:\/\/diariodepernambuco.audiencelabs.com.br\/wp-json\/wp\/v2\/posts\/3301","targetHints":{"allow":["GET"]}}],"collection":[{"href":"https:\/\/diariodepernambuco.audiencelabs.com.br\/wp-json\/wp\/v2\/posts"}],"about":[{"href":"https:\/\/diariodepernambuco.audiencelabs.com.br\/wp-json\/wp\/v2\/types\/post"}],"author":[{"embeddable":true,"href":"https:\/\/diariodepernambuco.audiencelabs.com.br\/wp-json\/wp\/v2\/users\/4"}],"replies":[{"embeddable":true,"href":"https:\/\/diariodepernambuco.audiencelabs.com.br\/wp-json\/wp\/v2\/comments?post=3301"}],"version-history":[{"count":2,"href":"https:\/\/diariodepernambuco.audiencelabs.com.br\/wp-json\/wp\/v2\/posts\/3301\/revisions"}],"predecessor-version":[{"id":3303,"href":"https:\/\/diariodepernambuco.audiencelabs.com.br\/wp-json\/wp\/v2\/posts\/3301\/revisions\/3303"}],"wp:attachment":[{"href":"https:\/\/diariodepernambuco.audiencelabs.com.br\/wp-json\/wp\/v2\/media?parent=3301"}],"wp:term":[{"taxonomy":"category","embeddable":true,"href":"https:\/\/diariodepernambuco.audiencelabs.com.br\/wp-json\/wp\/v2\/categories?post=3301"},{"taxonomy":"post_tag","embeddable":true,"href":"https:\/\/diariodepernambuco.audiencelabs.com.br\/wp-json\/wp\/v2\/tags?post=3301"}],"curies":[{"name":"wp","href":"https:\/\/api.w.org\/{rel}","templated":true}]}}