{"id":3351,"date":"2025-09-12T08:00:00","date_gmt":"2025-09-12T11:00:00","guid":{"rendered":"https:\/\/diariodepernambuco.audiencelabs.com.br\/?p=3351"},"modified":"2025-09-11T10:19:00","modified_gmt":"2025-09-11T13:19:00","slug":"amigo-de-trump-e-baleado-e-morre-nos-estados-unidos","status":"publish","type":"post","link":"https:\/\/diariodepernambuco.audiencelabs.com.br\/amigo-de-trump-e-baleado-e-morre-nos-estados-unidos\/","title":{"rendered":"Amigo de Trump \u00e9 baleado e morre nos Estados Unidos"},"content":{"rendered":"\n<p>Charlie Kirk, ativista conservador norte-americano e aliado do presidente Donald Trump, morreu nesta quarta-feira (10) ap\u00f3s ser atingido por disparos durante um evento na Universidade Utah Valley. Duas pessoas chegaram a ser detidas, mas foram liberadas em seguida pelas autoridades. Aos 31 anos, Kirk era casado e deixa dois filhos.<\/p>\n\n\n\n<p>Nos Estados Unidos, ele ganhou notoriedade ao fundar a Turning Point USA, organiza\u00e7\u00e3o conservadora de grande influ\u00eancia em universidades e escolas do pa\u00eds. Em uma rede social, Trump confirmou a morte do ativista, classificando-o como \u201clend\u00e1rio\u201d e prestando condol\u00eancias \u00e0 fam\u00edlia.<\/p>\n\n\n\n<p>&#8220;Ele era amado e admirado por TODOS, especialmente por mim, e agora n\u00e3o est\u00e1 mais entre n\u00f3s. Meus sentimentos, junto com os de Melania, v\u00e3o para sua linda esposa Erika e para a fam\u00edlia. Charlie, n\u00f3s te amamos!&#8221;, publicou o presidente norte-americano.<\/p>\n\n\n\n<p>Integrantes tanto do Partido Republicano, de Trump, quanto do Partido Democrata lamentaram publicamente a morte. Uma grava\u00e7\u00e3o capturou o momento exato em que Kirk foi atingido, v\u00eddeo que acabou sendo divulgado pela deputada republicana Marjorie Taylor Greene. Nas imagens, ele aparece sentado em uma tenda, discursando para uma multid\u00e3o em \u00e1rea aberta, quando o som de um disparo \u00e9 ouvido.<\/p>\n\n\n\n<p>Na sequ\u00eancia, o ativista caiu da cadeira e o p\u00fablico entrou em p\u00e2nico. Conforme informou a universidade, Kirk foi levado ao hospital por sua equipe de seguran\u00e7a e chegou a passar por cirurgia, mas n\u00e3o resistiu. Segundo a ag\u00eancia Reuters, com base em v\u00eddeos divulgados nas redes sociais, ele havia sido questionado sobre viol\u00eancia armada instantes antes de ser atingido.<\/p>\n\n\n\n<p>Um porta-voz da universidade informou que um suspeito chegou a ser detido, mas n\u00e3o foi identificado como autor do ataque. \u00c0s 19h21, no hor\u00e1rio de Bras\u00edlia, o diretor do FBI, Kash Patel, publicou no X que \u201co respons\u00e1vel pelo tiroteio\u201d havia sido preso, sem, no entanto, revelar sua identidade. Horas depois, por\u00e9m, <a href=\"https:\/\/www.diariodepernambuco.com.br\/mundo\/2025\/09\/11695506-homem-detido-por-suspeita-de-assassinar-charlie-kirk-e-solto.html\" data-type=\"link\" data-id=\"https:\/\/www.diariodepernambuco.com.br\/mundo\/2025\/09\/11695506-homem-detido-por-suspeita-de-assassinar-charlie-kirk-e-solto.html\" target=\"_blank\" rel=\"noopener\">o governo confirmou que o suspeito foi liberado ap\u00f3s ser interrogad<\/a>o.<\/p>\n\n\n\n<p><\/p>\n","protected":false},"excerpt":{"rendered":"<p>Charlie Kirk, ativista conservador norte-americano e aliado do presidente Donald Trump, morreu nesta quarta-feira (10) ap\u00f3s ser atingido por disparos durante um evento na Universidade Utah Valley. Duas pessoas chegaram a ser detidas, mas foram liberadas em seguida pelas autoridades. Aos 31 anos, Kirk era casado e deixa dois filhos. Nos Estados Unidos, ele ganhou [&hellip;]<\/p>\n","protected":false},"author":4,"featured_media":3354,"comment_status":"open","ping_status":"open","sticky":false,"template":"","format":"standard","meta":{"jnews-multi-image_gallery":[],"jnews_single_post":{"format":"standard"},"jnews_primary_category":[],"jnews_social_meta":[],"jnews_post_split":[],"footnotes":""},"categories":[1],"tags":[],"class_list":["post-3351","post","type-post","status-publish","format-standard","has-post-thumbnail","hentry","category-uncategorized"],"_links":{"self":[{"href":"https:\/\/diariodepernambuco.audiencelabs.com.br\/wp-json\/wp\/v2\/posts\/3351","targetHints":{"allow":["GET"]}}],"collection":[{"href":"https:\/\/diariodepernambuco.audiencelabs.com.br\/wp-json\/wp\/v2\/posts"}],"about":[{"href":"https:\/\/diariodepernambuco.audiencelabs.com.br\/wp-json\/wp\/v2\/types\/post"}],"author":[{"embeddable":true,"href":"https:\/\/diariodepernambuco.audiencelabs.com.br\/wp-json\/wp\/v2\/users\/4"}],"replies":[{"embeddable":true,"href":"https:\/\/diariodepernambuco.audiencelabs.com.br\/wp-json\/wp\/v2\/comments?post=3351"}],"version-history":[{"count":2,"href":"https:\/\/diariodepernambuco.audiencelabs.com.br\/wp-json\/wp\/v2\/posts\/3351\/revisions"}],"predecessor-version":[{"id":3356,"href":"https:\/\/diariodepernambuco.audiencelabs.com.br\/wp-json\/wp\/v2\/posts\/3351\/revisions\/3356"}],"wp:featuredmedia":[{"embeddable":true,"href":"https:\/\/diariodepernambuco.audiencelabs.com.br\/wp-json\/wp\/v2\/media\/3354"}],"wp:attachment":[{"href":"https:\/\/diariodepernambuco.audiencelabs.com.br\/wp-json\/wp\/v2\/media?parent=3351"}],"wp:term":[{"taxonomy":"category","embeddable":true,"href":"https:\/\/diariodepernambuco.audiencelabs.com.br\/wp-json\/wp\/v2\/categories?post=3351"},{"taxonomy":"post_tag","embeddable":true,"href":"https:\/\/diariodepernambuco.audiencelabs.com.br\/wp-json\/wp\/v2\/tags?post=3351"}],"curies":[{"name":"wp","href":"https:\/\/api.w.org\/{rel}","templated":true}]}}