{"id":3366,"date":"2025-09-12T09:30:00","date_gmt":"2025-09-12T12:30:00","guid":{"rendered":"https:\/\/diariodepernambuco.audiencelabs.com.br\/?p=3366"},"modified":"2025-09-11T10:36:08","modified_gmt":"2025-09-11T13:36:08","slug":"trabalhadores-vao-ganhar-5-dias-de-descanso-em-setembro","status":"publish","type":"post","link":"https:\/\/diariodepernambuco.audiencelabs.com.br\/trabalhadores-vao-ganhar-5-dias-de-descanso-em-setembro\/","title":{"rendered":"Trabalhadores v\u00e3o ganhar 3 dias de descanso em setembro"},"content":{"rendered":"\n<p>Em 2026, os trabalhadores brasileiros ter\u00e3o a chance de aproveitar um descanso prolongado em setembro: o feriado da Independ\u00eancia, comemorado no dia 7, cair\u00e1 numa segunda-feira, garantindo um final de semana de tr\u00eas dias. Essa combina\u00e7\u00e3o promete ser uma oportunidade para viagens, lazer ou simplesmente para colocar a rotina em dia, oferecendo um respiro no in\u00edcio do m\u00eas.<\/p>\n\n\n\n<p>Al\u00e9m do lazer e do turismo, o feriado prolongado pode influenciar a rotina das empresas e servi\u00e7os p\u00fablicos. Muitas empresas adotam escalas especiais ou reduzem o expediente, enquanto setores essenciais, como sa\u00fade e seguran\u00e7a, mant\u00eam plant\u00f5es para garantir o funcionamento. Para os trabalhadores, \u00e9 importante se organizar com anteced\u00eancia.<\/p>\n\n\n\n<p>O per\u00edodo tamb\u00e9m \u00e9 uma oportunidade para programar atividades culturais e de entretenimento, como visitar museus, parques e eventos locais, que costumam registrar maior movimento durante feriados prolongados. Al\u00e9m disso, muitos aproveitam para colocar projetos pessoais em dia, desde tarefas dom\u00e9sticas at\u00e9 cursos e hobbies.<\/p>\n\n\n\n<p>Al\u00e9m do feriado de 7 de setembro, o calend\u00e1rio de 2026 traz outras oportunidades de descanso prolongado para os trabalhadores brasileiros. Por exemplo, o Dia de Finados, em 2 de novembro, cair\u00e1 numa segunda-feira, criando mais um final de semana estendido. J\u00e1 o Natal, celebrado em 25 de dezembro, ser\u00e1 numa sexta-feira, permitindo um fim de semana prolongado para muitas pessoas.<\/p>\n\n\n\n<h2 class=\"wp-block-heading\">Os principais feriados nacionais no Brasil em 2026<\/h2>\n\n\n\n<ul class=\"wp-block-list\">\n<li>1\u00ba de janeiro (quinta-feira) \u2013 Confraterniza\u00e7\u00e3o Universal<\/li>\n\n\n\n<li>20 de fevereiro (sexta-feira) \u2013 Carnaval<\/li>\n\n\n\n<li>21 de fevereiro (s\u00e1bado) \u2013 Carnaval (ponto facultativo em algumas cidades)<\/li>\n\n\n\n<li>6 de abril (segunda-feira) \u2013 Paix\u00e3o de Cristo<\/li>\n\n\n\n<li>21 de abril (ter\u00e7a-feira) \u2013 Tiradentes<\/li>\n\n\n\n<li>1\u00ba de maio (sexta-feira) \u2013 Dia do Trabalhador<\/li>\n\n\n\n<li>7 de setembro (segunda-feira) \u2013 Independ\u00eancia do Brasil<\/li>\n\n\n\n<li>12 de outubro (segunda-feira) \u2013 Nossa Senhora Aparecida<\/li>\n\n\n\n<li>2 de novembro (segunda-feira) \u2013 Finados<\/li>\n\n\n\n<li>15 de novembro (domingo) \u2013 Proclama\u00e7\u00e3o da Rep\u00fablica<\/li>\n\n\n\n<li>25 de dezembro (sexta-feira) \u2013 Natal<\/li>\n<\/ul>\n\n\n\n<p><\/p>\n","protected":false},"excerpt":{"rendered":"<p>Em 2026, os trabalhadores brasileiros ter\u00e3o a chance de aproveitar um descanso prolongado em setembro: o feriado da Independ\u00eancia, comemorado no dia 7, cair\u00e1 numa segunda-feira, garantindo um final de semana de tr\u00eas dias. Essa combina\u00e7\u00e3o promete ser uma oportunidade para viagens, lazer ou simplesmente para colocar a rotina em dia, oferecendo um respiro no [&hellip;]<\/p>\n","protected":false},"author":4,"featured_media":3369,"comment_status":"open","ping_status":"open","sticky":false,"template":"","format":"standard","meta":{"jnews-multi-image_gallery":[],"jnews_single_post":{"format":"standard"},"jnews_primary_category":[],"jnews_social_meta":[],"jnews_post_split":[],"footnotes":""},"categories":[1],"tags":[],"class_list":["post-3366","post","type-post","status-publish","format-standard","has-post-thumbnail","hentry","category-uncategorized"],"_links":{"self":[{"href":"https:\/\/diariodepernambuco.audiencelabs.com.br\/wp-json\/wp\/v2\/posts\/3366","targetHints":{"allow":["GET"]}}],"collection":[{"href":"https:\/\/diariodepernambuco.audiencelabs.com.br\/wp-json\/wp\/v2\/posts"}],"about":[{"href":"https:\/\/diariodepernambuco.audiencelabs.com.br\/wp-json\/wp\/v2\/types\/post"}],"author":[{"embeddable":true,"href":"https:\/\/diariodepernambuco.audiencelabs.com.br\/wp-json\/wp\/v2\/users\/4"}],"replies":[{"embeddable":true,"href":"https:\/\/diariodepernambuco.audiencelabs.com.br\/wp-json\/wp\/v2\/comments?post=3366"}],"version-history":[{"count":2,"href":"https:\/\/diariodepernambuco.audiencelabs.com.br\/wp-json\/wp\/v2\/posts\/3366\/revisions"}],"predecessor-version":[{"id":3371,"href":"https:\/\/diariodepernambuco.audiencelabs.com.br\/wp-json\/wp\/v2\/posts\/3366\/revisions\/3371"}],"wp:featuredmedia":[{"embeddable":true,"href":"https:\/\/diariodepernambuco.audiencelabs.com.br\/wp-json\/wp\/v2\/media\/3369"}],"wp:attachment":[{"href":"https:\/\/diariodepernambuco.audiencelabs.com.br\/wp-json\/wp\/v2\/media?parent=3366"}],"wp:term":[{"taxonomy":"category","embeddable":true,"href":"https:\/\/diariodepernambuco.audiencelabs.com.br\/wp-json\/wp\/v2\/categories?post=3366"},{"taxonomy":"post_tag","embeddable":true,"href":"https:\/\/diariodepernambuco.audiencelabs.com.br\/wp-json\/wp\/v2\/tags?post=3366"}],"curies":[{"name":"wp","href":"https:\/\/api.w.org\/{rel}","templated":true}]}}