{"id":3378,"date":"2025-09-12T11:30:00","date_gmt":"2025-09-12T14:30:00","guid":{"rendered":"https:\/\/diariodepernambuco.audiencelabs.com.br\/?p=3378"},"modified":"2025-09-11T10:51:52","modified_gmt":"2025-09-11T13:51:52","slug":"elon-musk-e-superado-e-nao-e-maior-o-homem-mais-rico-do-mundo","status":"publish","type":"post","link":"https:\/\/diariodepernambuco.audiencelabs.com.br\/elon-musk-e-superado-e-nao-e-maior-o-homem-mais-rico-do-mundo\/","title":{"rendered":"Elon Musk \u00e9 superado e n\u00e3o \u00e9 maior o homem mais rico do mundo"},"content":{"rendered":"\n<p>Elon Musk, que por anos liderou a lista dos homens mais ricos do mundo, perdeu o posto de forma surpreendente para Larry Ellison, o cofundador da gigante de tecnologia Oracle. A fortuna de Ellison, de 81 anos, chegou a US$ 393 bilh\u00f5es (R$ 2,12 trilh\u00f5es) na manh\u00e3 de quarta-feira (10), ultrapassando os ent\u00e3o US$ 385 bilh\u00f5es (R$ 2,08 trilh\u00f5es) de Musk.<\/p>\n\n\n\n<p>O aumento na fortuna foi de US$ 101 bilh\u00f5es (aproximadamente R$ 545,8 bilh\u00f5es), impulsionado pela valoriza\u00e7\u00e3o das a\u00e7\u00f5es da empresa na Bolsa de Nova York ap\u00f3s a divulga\u00e7\u00e3o dos resultados trimestrais da Oracle \u2014 n\u00fameros bem acima do esperado e com proje\u00e7\u00e3o de crescimento ainda maior, segundo a ag\u00eancia de not\u00edcias Bloomberg.<\/p>\n\n\n\n<p>Ellison fundou a Oracle em 1977, inicialmente chamada de &#8220;Software Development Labs&#8221;, e ainda possui cerca de 40% das a\u00e7\u00f5es da empresa. Ap\u00f3s 37 anos como diretor-executivo, deixou o cargo em 2014, mas continua como presidente, liderando o conselho de administra\u00e7\u00e3o. Al\u00e9m disso, o cofundador exerce fun\u00e7\u00f5es como diretor de tecnologia da companhia.<\/p>\n\n\n\n<p>O homem mais rico do mundo iniciou o neg\u00f3cio junto com seu ent\u00e3o chefe em outra empresa, Robert Miner. A dupla aproveitou uma ideia que a IBM decidiu n\u00e3o explorar e desenvolveu um sistema de banco de dados capaz de operar em centrais de computadores e em m\u00faltiplos terminais ao mesmo tempo.<\/p>\n\n\n\n<p>Curiosamente, Ellison integrou o conselho da Tesla entre dezembro de 2018 e agosto de 2022. Ele ainda det\u00e9m cerca de 15 milh\u00f5es de a\u00e7\u00f5es da montadora de carros el\u00e9tricos de Elon Musk. Conhecido por seu estilo exc\u00eantrico, o bilion\u00e1rio comprou e reside em uma ilha: em 2020, mudou-se permanentemente para Lanai, no Hava\u00ed, que adquiriu quase inteiramente em 2012 por US$ 300 milh\u00f5es.<\/p>\n\n\n\n<p><\/p>\n","protected":false},"excerpt":{"rendered":"<p>Elon Musk, que por anos liderou a lista dos homens mais ricos do mundo, perdeu o posto de forma surpreendente para Larry Ellison, o cofundador da gigante de tecnologia Oracle. A fortuna de Ellison, de 81 anos, chegou a US$ 393 bilh\u00f5es (R$ 2,12 trilh\u00f5es) na manh\u00e3 de quarta-feira (10), ultrapassando os ent\u00e3o US$ 385 [&hellip;]<\/p>\n","protected":false},"author":4,"featured_media":3380,"comment_status":"open","ping_status":"open","sticky":false,"template":"","format":"standard","meta":{"jnews-multi-image_gallery":[],"jnews_single_post":{"format":"standard"},"jnews_primary_category":[],"jnews_social_meta":[],"jnews_post_split":[],"footnotes":""},"categories":[1],"tags":[],"class_list":["post-3378","post","type-post","status-publish","format-standard","has-post-thumbnail","hentry","category-uncategorized"],"_links":{"self":[{"href":"https:\/\/diariodepernambuco.audiencelabs.com.br\/wp-json\/wp\/v2\/posts\/3378","targetHints":{"allow":["GET"]}}],"collection":[{"href":"https:\/\/diariodepernambuco.audiencelabs.com.br\/wp-json\/wp\/v2\/posts"}],"about":[{"href":"https:\/\/diariodepernambuco.audiencelabs.com.br\/wp-json\/wp\/v2\/types\/post"}],"author":[{"embeddable":true,"href":"https:\/\/diariodepernambuco.audiencelabs.com.br\/wp-json\/wp\/v2\/users\/4"}],"replies":[{"embeddable":true,"href":"https:\/\/diariodepernambuco.audiencelabs.com.br\/wp-json\/wp\/v2\/comments?post=3378"}],"version-history":[{"count":2,"href":"https:\/\/diariodepernambuco.audiencelabs.com.br\/wp-json\/wp\/v2\/posts\/3378\/revisions"}],"predecessor-version":[{"id":3381,"href":"https:\/\/diariodepernambuco.audiencelabs.com.br\/wp-json\/wp\/v2\/posts\/3378\/revisions\/3381"}],"wp:featuredmedia":[{"embeddable":true,"href":"https:\/\/diariodepernambuco.audiencelabs.com.br\/wp-json\/wp\/v2\/media\/3380"}],"wp:attachment":[{"href":"https:\/\/diariodepernambuco.audiencelabs.com.br\/wp-json\/wp\/v2\/media?parent=3378"}],"wp:term":[{"taxonomy":"category","embeddable":true,"href":"https:\/\/diariodepernambuco.audiencelabs.com.br\/wp-json\/wp\/v2\/categories?post=3378"},{"taxonomy":"post_tag","embeddable":true,"href":"https:\/\/diariodepernambuco.audiencelabs.com.br\/wp-json\/wp\/v2\/tags?post=3378"}],"curies":[{"name":"wp","href":"https:\/\/api.w.org\/{rel}","templated":true}]}}