{"id":3394,"date":"2025-09-12T14:00:00","date_gmt":"2025-09-12T17:00:00","guid":{"rendered":"https:\/\/diariodepernambuco.audiencelabs.com.br\/?p=3394"},"modified":"2025-09-18T18:42:46","modified_gmt":"2025-09-18T21:42:46","slug":"uber-confirma-liberacao-que-vai-dar-mais-dinheiro-aos-motoristas","status":"publish","type":"post","link":"https:\/\/diariodepernambuco.audiencelabs.com.br\/uber-confirma-liberacao-que-vai-dar-mais-dinheiro-aos-motoristas\/","title":{"rendered":"Uber realmente vai dar mais dinheiro aos motoristas?"},"content":{"rendered":"\n<p>Em novembro de 2024, circularam boatos de que a Uber havia promovido uma enorme mudan\u00e7a em suas diretrizes e havia voltado a permitir o transporte de at\u00e9 quatro passageiros por corrida. Na realidade, a mudan\u00e7a nada teve a ver com a empresa, mas sim com o t\u00e9rmino da emerg\u00eancia de sa\u00fade p\u00fablica com rela\u00e7\u00e3o a Covid-19.<\/p>\n\n\n\n<p>A recomenda\u00e7\u00e3o que proibia corridas com um passageiro no banco dianteiro do ve\u00edculo foi adotada durante o per\u00edodo mais cr\u00edtico da pandemia e s\u00f3 foi modificada ap\u00f3s orienta\u00e7\u00f5es da Organiza\u00e7\u00e3o Mundial da Sa\u00fade (OMS). Atualmente, o limite de ocupantes em um carro de passeio \u00e9 de at\u00e9 quatro pessoas, conforme estabelece a legisla\u00e7\u00e3o de tr\u00e2nsito e informa o pr\u00f3prio aplicativo.<\/p>\n\n\n\n<p>Outro ponto relevante da mudan\u00e7a diz respeito aos ganhos dos motoristas. A Uber esclarece que \u00e9 incorreto afirmar que transportar mais passageiros necessariamente aumenta a remunera\u00e7\u00e3o dos parceiros. O valor de cada viagem \u00e9 calculado com base em diversos fatores e sempre exibido no celular do motorista, permitindo que ele decida se aceita ou recusa a corrida.<\/p>\n\n\n\n<p>O c\u00e1lculo da remunera\u00e7\u00e3o n\u00e3o segue um valor fixo por quil\u00f4metro e considera elementos como a estimativa de tempo e dist\u00e2ncia da viagem, o percurso at\u00e9 o usu\u00e1rio, condi\u00e7\u00f5es de tr\u00e2nsito, eventuais ajustes por alta demanda (pre\u00e7o din\u00e2mico), modalidade do servi\u00e7o (UberX, Comfort etc.) e outros crit\u00e9rios relevantes.<\/p>\n\n\n\n<h2 class=\"wp-block-heading\">Veja a nota da Uber sobre o assunto<\/h2>\n\n\n\n<p><em>&#8220;N\u00e3o \u00e9 verdade que a Uber mudou suas diretrizes em novembro de 2024 relacionado ao limite de usu\u00e1rios. O limite de passageiros que podem ocupar um carro comum de passeio \u00e9 de at\u00e9 4 pessoas, conforme determina a legisla\u00e7\u00e3o de tr\u00e2nsito e \u00e9 informado no aplicativo.<\/em><\/p>\n\n\n\n<p><em>A recomenda\u00e7\u00e3o que proibia corridas com um passageiro no banco dianteiro do ve\u00edculo foi adotada durante o per\u00edodo mais cr\u00edtico da pandemia de Covid-19 e removida em 2023, quando a OMS decretou o fim da emerg\u00eancia de sa\u00fade p\u00fablica.<\/em><\/p>\n\n\n\n<p><em>Por fim, tamb\u00e9m \u00e9 incorreto afirmar que transportar mais passageiros pode aumentar os ganhos dos motoristas. Os ganhos na plataforma da Uber s\u00e3o bem particulares para cada motorista parceiro, j\u00e1 que cada um escolhe como quer usar o aplicativo com autonomia e flexibilidade.<\/em><\/p>\n\n\n\n<p><em>O valor de uma viagem \u00e9 calculado segundo uma s\u00e9rie de fatores e sempre \u00e9 exibido no celular do motorista parceiro para que possa decidir se vai aceitar ou recusar a solicita\u00e7\u00e3o&#8221;.<\/em><\/p>\n\n\n\n<p><\/p>\n","protected":false},"excerpt":{"rendered":"<p>Em novembro de 2024, circularam boatos de que a Uber havia promovido uma enorme mudan\u00e7a em suas diretrizes e havia voltado a permitir o transporte de at\u00e9 quatro passageiros por corrida. Na realidade, a mudan\u00e7a nada teve a ver com a empresa, mas sim com o t\u00e9rmino da emerg\u00eancia de sa\u00fade p\u00fablica com rela\u00e7\u00e3o a [&hellip;]<\/p>\n","protected":false},"author":4,"featured_media":857,"comment_status":"open","ping_status":"open","sticky":false,"template":"","format":"standard","meta":{"jnews-multi-image_gallery":[],"jnews_single_post":{"format":"standard"},"jnews_primary_category":[],"jnews_social_meta":[],"jnews_post_split":[],"footnotes":""},"categories":[1],"tags":[],"class_list":["post-3394","post","type-post","status-publish","format-standard","has-post-thumbnail","hentry","category-uncategorized"],"_links":{"self":[{"href":"https:\/\/diariodepernambuco.audiencelabs.com.br\/wp-json\/wp\/v2\/posts\/3394","targetHints":{"allow":["GET"]}}],"collection":[{"href":"https:\/\/diariodepernambuco.audiencelabs.com.br\/wp-json\/wp\/v2\/posts"}],"about":[{"href":"https:\/\/diariodepernambuco.audiencelabs.com.br\/wp-json\/wp\/v2\/types\/post"}],"author":[{"embeddable":true,"href":"https:\/\/diariodepernambuco.audiencelabs.com.br\/wp-json\/wp\/v2\/users\/4"}],"replies":[{"embeddable":true,"href":"https:\/\/diariodepernambuco.audiencelabs.com.br\/wp-json\/wp\/v2\/comments?post=3394"}],"version-history":[{"count":4,"href":"https:\/\/diariodepernambuco.audiencelabs.com.br\/wp-json\/wp\/v2\/posts\/3394\/revisions"}],"predecessor-version":[{"id":4055,"href":"https:\/\/diariodepernambuco.audiencelabs.com.br\/wp-json\/wp\/v2\/posts\/3394\/revisions\/4055"}],"wp:featuredmedia":[{"embeddable":true,"href":"https:\/\/diariodepernambuco.audiencelabs.com.br\/wp-json\/wp\/v2\/media\/857"}],"wp:attachment":[{"href":"https:\/\/diariodepernambuco.audiencelabs.com.br\/wp-json\/wp\/v2\/media?parent=3394"}],"wp:term":[{"taxonomy":"category","embeddable":true,"href":"https:\/\/diariodepernambuco.audiencelabs.com.br\/wp-json\/wp\/v2\/categories?post=3394"},{"taxonomy":"post_tag","embeddable":true,"href":"https:\/\/diariodepernambuco.audiencelabs.com.br\/wp-json\/wp\/v2\/tags?post=3394"}],"curies":[{"name":"wp","href":"https:\/\/api.w.org\/{rel}","templated":true}]}}