{"id":3399,"date":"2025-09-12T15:00:00","date_gmt":"2025-09-12T18:00:00","guid":{"rendered":"https:\/\/diariodepernambuco.audiencelabs.com.br\/?p=3399"},"modified":"2025-09-11T11:52:01","modified_gmt":"2025-09-11T14:52:01","slug":"nova-regra-de-aposentadoria-surpreende-brasileiros","status":"publish","type":"post","link":"https:\/\/diariodepernambuco.audiencelabs.com.br\/nova-regra-de-aposentadoria-surpreende-brasileiros\/","title":{"rendered":"Nova regra de aposentadoria surpreende brasileiros"},"content":{"rendered":"\n<p>A aposentadoria segue sendo o principal objetivo de milh\u00f5es de trabalhadores brasileiros que se aproximam da terceira idade. No entanto, conquistar esse direito requer cuidado especial com as regras estabelecidas pelo INSS. Em 2025, os requisitos para se aposentar continuam seguindo o cronograma definido pela Reforma da Previd\u00eancia de 2019.<\/p>\n\n\n\n<p>Desde ent\u00e3o, as regras para solicitar a aposentadoria t\u00eam sido ajustadas de forma gradual, especialmente no que se refere \u00e0 idade m\u00ednima e ao tempo de contribui\u00e7\u00e3o. Um dos principais pontos que vem gerando surpresa \u00e9 a necessidade de atender a novas idades m\u00ednimas para aposentadoria, que variam conforme o tipo de benef\u00edcio e a categoria profissional.<\/p>\n\n\n\n<p>Para os homens, \u00e9 preciso ter 64 anos completos e ao menos 35 anos de contribui\u00e7\u00e3o ao INSS. No caso das mulheres, a exig\u00eancia \u00e9 de 59 anos de idade e no m\u00ednimo 30 anos de contribui\u00e7\u00e3o. Essa eleva\u00e7\u00e3o da idade m\u00ednima ocorre de maneira progressiva, aumentando seis meses a cada ano.<\/p>\n\n\n\n<p>Al\u00e9m da idade m\u00ednima e do tempo de contribui\u00e7\u00e3o, os trabalhadores devem ficar atentos a outros crit\u00e9rios que podem influenciar o valor do benef\u00edcio. Fatores como a m\u00e9dia salarial ao longo da vida laboral, per\u00edodos de afastamento por doen\u00e7a ou licen\u00e7a e contribui\u00e7\u00f5es complementares podem impactar diretamente o c\u00e1lculo da aposentadoria.<\/p>\n\n\n\n<p>Outra modalidade importante \u00e9 a aposentadoria por pontos, que combina a idade do trabalhador com o tempo de contribui\u00e7\u00e3o para definir o direito ao benef\u00edcio. Nesse sistema, soma-se a idade \u00e0 quantidade de anos de contribui\u00e7\u00e3o; ao atingir um n\u00famero m\u00ednimo de pontos, o trabalhador se torna eleg\u00edvel para se aposentar.<\/p>\n\n\n\n<h2 class=\"wp-block-heading\">As regras de aposentadoria do INSS em 2025<\/h2>\n\n\n\n<p><strong>Idade m\u00ednima:<\/strong><\/p>\n\n\n\n<ul class=\"wp-block-list\">\n<li>Homens: 64 anos completos.<\/li>\n\n\n\n<li>Mulheres: 59 anos completos.<\/li>\n\n\n\n<li>Eleva\u00e7\u00e3o progressiva: aumenta seis meses por ano at\u00e9 atingir o limite definido.<\/li>\n<\/ul>\n\n\n\n<p><strong>Tempo m\u00ednimo de contribui\u00e7\u00e3o:<\/strong><\/p>\n\n\n\n<ul class=\"wp-block-list\">\n<li>Homens: 35 anos.<\/li>\n\n\n\n<li>Mulheres: 30 anos.<\/li>\n<\/ul>\n\n\n\n<p><strong>Aposentadoria por pontos:<\/strong><\/p>\n\n\n\n<ul class=\"wp-block-list\">\n<li>Soma da idade com o tempo de contribui\u00e7\u00e3o.<\/li>\n\n\n\n<li>\u00c9 necess\u00e1rio atingir um n\u00famero m\u00ednimo de pontos, que aumenta gradualmente a cada ano.<\/li>\n<\/ul>\n\n\n\n<p><strong>Planejamento e acompanhamento:<\/strong><\/p>\n\n\n\n<ul class=\"wp-block-list\">\n<li>Manter cadastro atualizado no INSS.<\/li>\n\n\n\n<li>Conferir hist\u00f3rico de contribui\u00e7\u00f5es para evitar atrasos ou problemas na hora de solicitar o benef\u00edcio.<\/li>\n<\/ul>\n\n\n\n<p><strong>Fatores que influenciam o valor do benef\u00edcio:<\/strong><\/p>\n\n\n\n<ul class=\"wp-block-list\">\n<li>M\u00e9dia salarial ao longo da vida laboral.<\/li>\n\n\n\n<li>Per\u00edodos de afastamento por doen\u00e7a ou licen\u00e7a.<\/li>\n\n\n\n<li>Contribui\u00e7\u00f5es complementares.<\/li>\n<\/ul>\n\n\n\n<p><\/p>\n","protected":false},"excerpt":{"rendered":"<p>A aposentadoria segue sendo o principal objetivo de milh\u00f5es de trabalhadores brasileiros que se aproximam da terceira idade. No entanto, conquistar esse direito requer cuidado especial com as regras estabelecidas pelo INSS. Em 2025, os requisitos para se aposentar continuam seguindo o cronograma definido pela Reforma da Previd\u00eancia de 2019. Desde ent\u00e3o, as regras para [&hellip;]<\/p>\n","protected":false},"author":4,"featured_media":2191,"comment_status":"open","ping_status":"open","sticky":false,"template":"","format":"standard","meta":{"jnews-multi-image_gallery":[],"jnews_single_post":{"format":"standard"},"jnews_primary_category":[],"jnews_social_meta":[],"jnews_post_split":[],"footnotes":""},"categories":[1],"tags":[],"class_list":["post-3399","post","type-post","status-publish","format-standard","has-post-thumbnail","hentry","category-uncategorized"],"_links":{"self":[{"href":"https:\/\/diariodepernambuco.audiencelabs.com.br\/wp-json\/wp\/v2\/posts\/3399","targetHints":{"allow":["GET"]}}],"collection":[{"href":"https:\/\/diariodepernambuco.audiencelabs.com.br\/wp-json\/wp\/v2\/posts"}],"about":[{"href":"https:\/\/diariodepernambuco.audiencelabs.com.br\/wp-json\/wp\/v2\/types\/post"}],"author":[{"embeddable":true,"href":"https:\/\/diariodepernambuco.audiencelabs.com.br\/wp-json\/wp\/v2\/users\/4"}],"replies":[{"embeddable":true,"href":"https:\/\/diariodepernambuco.audiencelabs.com.br\/wp-json\/wp\/v2\/comments?post=3399"}],"version-history":[{"count":2,"href":"https:\/\/diariodepernambuco.audiencelabs.com.br\/wp-json\/wp\/v2\/posts\/3399\/revisions"}],"predecessor-version":[{"id":3402,"href":"https:\/\/diariodepernambuco.audiencelabs.com.br\/wp-json\/wp\/v2\/posts\/3399\/revisions\/3402"}],"wp:featuredmedia":[{"embeddable":true,"href":"https:\/\/diariodepernambuco.audiencelabs.com.br\/wp-json\/wp\/v2\/media\/2191"}],"wp:attachment":[{"href":"https:\/\/diariodepernambuco.audiencelabs.com.br\/wp-json\/wp\/v2\/media?parent=3399"}],"wp:term":[{"taxonomy":"category","embeddable":true,"href":"https:\/\/diariodepernambuco.audiencelabs.com.br\/wp-json\/wp\/v2\/categories?post=3399"},{"taxonomy":"post_tag","embeddable":true,"href":"https:\/\/diariodepernambuco.audiencelabs.com.br\/wp-json\/wp\/v2\/tags?post=3399"}],"curies":[{"name":"wp","href":"https:\/\/api.w.org\/{rel}","templated":true}]}}