{"id":3428,"date":"2025-09-11T20:41:40","date_gmt":"2025-09-11T23:41:40","guid":{"rendered":"https:\/\/diariodepernambuco.audiencelabs.com.br\/?p=3428"},"modified":"2025-09-11T20:41:43","modified_gmt":"2025-09-11T23:41:43","slug":"condenacao-de-bolsonaro-saiba-o-que-acontece-agora","status":"publish","type":"post","link":"https:\/\/diariodepernambuco.audiencelabs.com.br\/condenacao-de-bolsonaro-saiba-o-que-acontece-agora\/","title":{"rendered":"Condena\u00e7\u00e3o de Bolsonaro: saiba o que acontece agora"},"content":{"rendered":"\n<p>A jurisprud\u00eancia do STF estabelece que embargos de declara\u00e7\u00e3o ou infringentes podem postergar a execu\u00e7\u00e3o da pena. Um caso semelhante ocorreu com o ex-presidente Fernando Collor de Mello, condenado em 2023, mas que permaneceu em liberdade at\u00e9 2025 por meio de recursos e quest\u00f5es de sa\u00fade.<\/p>\n\n\n\n<p>Atualmente, Bolsonaro cumpre pris\u00e3o domiciliar em outro processo, decis\u00e3o do ministro Alexandre de Moraes. Esse fator, somado a problemas de sa\u00fade como crises de solu\u00e7o e cirurgias recentes, pode influenciar o regime de cumprimento da pena, com possibilidade de manuten\u00e7\u00e3o da pris\u00e3o domiciliar.<\/p>\n\n\n\n<h3 class=\"wp-block-heading\">Como votaram os ministros<\/h3>\n\n\n\n<p>O julgamento est\u00e1 em 3 votos a 1 a favor da condena\u00e7\u00e3o de todos os r\u00e9us:<\/p>\n\n\n\n<ul class=\"wp-block-list\">\n<li>Alexandre de Moraes, Fl\u00e1vio Dino e C\u00e1rmen L\u00facia votaram pela condena\u00e7\u00e3o integral.<\/li>\n\n\n\n<li>Luiz Fux divergiu, defendendo a absolvi\u00e7\u00e3o de Bolsonaro e de cinco aliados, mas mantendo a condena\u00e7\u00e3o de Mauro Cid e Braga Netto.<\/li>\n<\/ul>\n\n\n\n<p>O voto decisivo ficar\u00e1 a cargo de Cristiano Zanin, presidente do colegiado. As penas podem chegar a at\u00e9 30 anos de pris\u00e3o em regime fechado.<\/p>\n\n\n\n<h3 class=\"wp-block-heading\">A fala de C\u00e1rmen L\u00facia<\/h3>\n\n\n\n<p>Em sua manifesta\u00e7\u00e3o, a ministra C\u00e1rmen L\u00facia classificou os atos golpistas como uma amea\u00e7a direta \u00e0 democracia, ressaltando que h\u00e1 provas contundentes da participa\u00e7\u00e3o de Bolsonaro em um plano organizado contra a altern\u00e2ncia de poder e as institui\u00e7\u00f5es. Ela ainda lembrou que a lei que define crimes contra a democracia foi sancionada pelo pr\u00f3prio ex-presidente, refor\u00e7ando a legitimidade da acusa\u00e7\u00e3o.<\/p>\n\n\n\n<h3 class=\"wp-block-heading\">O que esperar daqui para frente<\/h3>\n\n\n\n<p>Mesmo com a condena\u00e7\u00e3o, especialistas avaliam que o cumprimento imediato da pena \u00e9 improv\u00e1vel. Recursos judiciais, somados a fatores de sa\u00fade e \u00e0 pris\u00e3o domiciliar j\u00e1 em vigor, devem retardar a defini\u00e7\u00e3o do regime. Assim, o futuro jur\u00eddico de Bolsonaro segue em aberto, mantendo a sociedade em expectativa sobre os pr\u00f3ximos desdobramentos.<\/p>\n\n\n\n<p><\/p>\n","protected":false},"excerpt":{"rendered":"<p>A jurisprud\u00eancia do STF estabelece que embargos de declara\u00e7\u00e3o ou infringentes podem postergar a execu\u00e7\u00e3o da pena. Um caso semelhante ocorreu com o ex-presidente Fernando Collor de Mello, condenado em 2023, mas que permaneceu em liberdade at\u00e9 2025 por meio de recursos e quest\u00f5es de sa\u00fade. Atualmente, Bolsonaro cumpre pris\u00e3o domiciliar em outro processo, decis\u00e3o [&hellip;]<\/p>\n","protected":false},"author":7,"featured_media":3177,"comment_status":"open","ping_status":"open","sticky":false,"template":"","format":"standard","meta":{"jnews-multi-image_gallery":[],"jnews_single_post":{"format":"standard"},"jnews_primary_category":[],"jnews_social_meta":[],"jnews_post_split":[],"footnotes":""},"categories":[1],"tags":[],"class_list":["post-3428","post","type-post","status-publish","format-standard","has-post-thumbnail","hentry","category-uncategorized"],"_links":{"self":[{"href":"https:\/\/diariodepernambuco.audiencelabs.com.br\/wp-json\/wp\/v2\/posts\/3428","targetHints":{"allow":["GET"]}}],"collection":[{"href":"https:\/\/diariodepernambuco.audiencelabs.com.br\/wp-json\/wp\/v2\/posts"}],"about":[{"href":"https:\/\/diariodepernambuco.audiencelabs.com.br\/wp-json\/wp\/v2\/types\/post"}],"author":[{"embeddable":true,"href":"https:\/\/diariodepernambuco.audiencelabs.com.br\/wp-json\/wp\/v2\/users\/7"}],"replies":[{"embeddable":true,"href":"https:\/\/diariodepernambuco.audiencelabs.com.br\/wp-json\/wp\/v2\/comments?post=3428"}],"version-history":[{"count":2,"href":"https:\/\/diariodepernambuco.audiencelabs.com.br\/wp-json\/wp\/v2\/posts\/3428\/revisions"}],"predecessor-version":[{"id":3435,"href":"https:\/\/diariodepernambuco.audiencelabs.com.br\/wp-json\/wp\/v2\/posts\/3428\/revisions\/3435"}],"wp:featuredmedia":[{"embeddable":true,"href":"https:\/\/diariodepernambuco.audiencelabs.com.br\/wp-json\/wp\/v2\/media\/3177"}],"wp:attachment":[{"href":"https:\/\/diariodepernambuco.audiencelabs.com.br\/wp-json\/wp\/v2\/media?parent=3428"}],"wp:term":[{"taxonomy":"category","embeddable":true,"href":"https:\/\/diariodepernambuco.audiencelabs.com.br\/wp-json\/wp\/v2\/categories?post=3428"},{"taxonomy":"post_tag","embeddable":true,"href":"https:\/\/diariodepernambuco.audiencelabs.com.br\/wp-json\/wp\/v2\/tags?post=3428"}],"curies":[{"name":"wp","href":"https:\/\/api.w.org\/{rel}","templated":true}]}}