{"id":3443,"date":"2025-09-12T19:00:00","date_gmt":"2025-09-12T22:00:00","guid":{"rendered":"https:\/\/diariodepernambuco.audiencelabs.com.br\/?p=3443"},"modified":"2025-09-11T21:21:12","modified_gmt":"2025-09-12T00:21:12","slug":"neymar-e-pego-de-surpresa-com-noticia-sobre-filha","status":"publish","type":"post","link":"https:\/\/diariodepernambuco.audiencelabs.com.br\/neymar-e-pego-de-surpresa-com-noticia-sobre-filha\/","title":{"rendered":"Neymar \u00e9 pego de surpresa com not\u00edcia sobre filha"},"content":{"rendered":"\n<p>Um texto publicado nas redes sociais de Neymar e Bruna Biancardi detalha a escolha dos nomes de suas filhas: Mavie, de 1 ano, e Mel, nascida em julho deste ano. A publica\u00e7\u00e3o contextualiza o momento vivido pelo casal em cada nascimento e o significado que as meninas trouxeram para a vida familiar.<\/p>\n\n\n\n<p>Mavie nasceu em 6 de outubro de 2023, e seu nome faz refer\u00eancia \u00e0 express\u00e3o francesa &#8220;minha vida&#8221;. Segundo o atacante do Santos e a influenciadora, o nome se tornou muito mais do que uma simples identifica\u00e7\u00e3o: &#8220;Com sua chegada, trouxe n\u00e3o apenas a pr\u00f3pria exist\u00eancia, mas um resgate. Um sopro de verdade, de ess\u00eancia, de tudo que sempre esteve ali, esperando o momento certo para florescer&#8221;.<\/p>\n\n\n\n<p>Neymar e Bruna Biancardi est\u00e3o juntos desde 2021, passando por altos e baixos ao longo do relacionamento. Em um dos momentos mais delicados, uma modelo afirmou ter mantido um relacionamento extraconjugal com o jogador, que posteriormente admitiu a infidelidade e pediu desculpas publicamente \u00e0 namorada.<\/p>\n\n\n\n<p>O jogador e a influenciadora destacaram que Mavie trouxe renova\u00e7\u00e3o e simbolizou a promessa de uni\u00e3o: &#8220;Que o amor, quando genu\u00edno, encontra sempre um caminho de volta&#8221;. J\u00e1 Mel chega para consolidar essa evolu\u00e7\u00e3o, em um momento de &#8220;amadurecimento&#8221; do casal.<\/p>\n\n\n\n<p>&#8220;O tempo amadurece, prepara, aperfei\u00e7oa. Se Mavie trouxe a vida, Mel chega como a do\u00e7ura mais pura dessa hist\u00f3ria, nessa \u00e1rvore j\u00e1 com ra\u00edzes. Entrou uma colmeia e com ela o mel que vem no tempo certo da colheita. Se fortalece e carrega em si promessas do que \u00e9 raro e precioso&#8221;, destaca o texto publicado nas redes sociais.<\/p>\n\n\n\n<p>Os papais concluem o texto com a ideia de que, &#8220;se Mavie \u00e9 o despertar de uma vida de uni\u00e3o e amor, Mel \u00e9 a do\u00e7ura que se espalha, tornando tudo mais intenso, puro e verdadeiro&#8221;. Al\u00e9m de Mavie e Mel, Neymar \u00e9 pai de Davi Lucca, de 13 anos e fruto da rela\u00e7\u00e3o com Carol Dantas, e Helena, filha do jogador com a modelo Amanda Kimberlly.<\/p>\n\n\n\n<p><\/p>\n","protected":false},"excerpt":{"rendered":"<p>Um texto publicado nas redes sociais de Neymar e Bruna Biancardi detalha a escolha dos nomes de suas filhas: Mavie, de 1 ano, e Mel, nascida em julho deste ano. A publica\u00e7\u00e3o contextualiza o momento vivido pelo casal em cada nascimento e o significado que as meninas trouxeram para a vida familiar. Mavie nasceu em [&hellip;]<\/p>\n","protected":false},"author":4,"featured_media":3445,"comment_status":"open","ping_status":"open","sticky":false,"template":"","format":"standard","meta":{"jnews-multi-image_gallery":[],"jnews_single_post":{"format":"standard"},"jnews_primary_category":[],"jnews_social_meta":[],"jnews_post_split":[],"footnotes":""},"categories":[1],"tags":[],"class_list":["post-3443","post","type-post","status-publish","format-standard","has-post-thumbnail","hentry","category-uncategorized"],"_links":{"self":[{"href":"https:\/\/diariodepernambuco.audiencelabs.com.br\/wp-json\/wp\/v2\/posts\/3443","targetHints":{"allow":["GET"]}}],"collection":[{"href":"https:\/\/diariodepernambuco.audiencelabs.com.br\/wp-json\/wp\/v2\/posts"}],"about":[{"href":"https:\/\/diariodepernambuco.audiencelabs.com.br\/wp-json\/wp\/v2\/types\/post"}],"author":[{"embeddable":true,"href":"https:\/\/diariodepernambuco.audiencelabs.com.br\/wp-json\/wp\/v2\/users\/4"}],"replies":[{"embeddable":true,"href":"https:\/\/diariodepernambuco.audiencelabs.com.br\/wp-json\/wp\/v2\/comments?post=3443"}],"version-history":[{"count":3,"href":"https:\/\/diariodepernambuco.audiencelabs.com.br\/wp-json\/wp\/v2\/posts\/3443\/revisions"}],"predecessor-version":[{"id":3447,"href":"https:\/\/diariodepernambuco.audiencelabs.com.br\/wp-json\/wp\/v2\/posts\/3443\/revisions\/3447"}],"wp:featuredmedia":[{"embeddable":true,"href":"https:\/\/diariodepernambuco.audiencelabs.com.br\/wp-json\/wp\/v2\/media\/3445"}],"wp:attachment":[{"href":"https:\/\/diariodepernambuco.audiencelabs.com.br\/wp-json\/wp\/v2\/media?parent=3443"}],"wp:term":[{"taxonomy":"category","embeddable":true,"href":"https:\/\/diariodepernambuco.audiencelabs.com.br\/wp-json\/wp\/v2\/categories?post=3443"},{"taxonomy":"post_tag","embeddable":true,"href":"https:\/\/diariodepernambuco.audiencelabs.com.br\/wp-json\/wp\/v2\/tags?post=3443"}],"curies":[{"name":"wp","href":"https:\/\/api.w.org\/{rel}","templated":true}]}}