{"id":3459,"date":"2025-09-14T18:24:00","date_gmt":"2025-09-14T21:24:00","guid":{"rendered":"https:\/\/diariodepernambuco.audiencelabs.com.br\/?p=3459"},"modified":"2025-09-13T11:51:49","modified_gmt":"2025-09-13T14:51:49","slug":"chefe-fogaca-finalmente-responde-se-tem-caso-com-paola-carosella","status":"publish","type":"post","link":"https:\/\/diariodepernambuco.audiencelabs.com.br\/chefe-fogaca-finalmente-responde-se-tem-caso-com-paola-carosella\/","title":{"rendered":"Chefe Foga\u00e7a finalmente responde se tem caso com Paola Carosella"},"content":{"rendered":"\n<p>Presente no festival The Town 2025, no \u00faltimo domingo (7), Henrique Foga\u00e7a falou sobre os rumores de um poss\u00edvel relacionamento com a chef e ex-colega de MasterChef Brasil, Paola Carosella. Ao lado da esposa, Carine Foga\u00e7a, o chef encerrou de vez o assunto, que voltou a repercutir nas redes sociais ap\u00f3s uma recente entrevista de Paola.<\/p>\n\n\n\n<p>Foga\u00e7a enfatizou que n\u00e3o houve nada al\u00e9m de amizade entre os dois e criticou a repercuss\u00e3o nas redes sociais nas \u00faltimas semanas: &#8220;Trabalhamos muitos anos juntos, somos amigos, mas nunca passou disso. A internet \u00e9 terra de ningu\u00e9m, as pessoas falam o que querem&#8221;, disse Foga\u00e7a em r\u00e1pida entrevista para a CNN Brasil.<\/p>\n\n\n\n<p>Ele tamb\u00e9m se pronunciou sobre a declara\u00e7\u00e3o de Paola no programa De Frente com Blogueirinha, chegando a criticar as palavras da colega: \u201cMas tamb\u00e9m ela falou besteira, n\u00e9? Sobre dois corpos, sei l\u00e1\u2026\u201d, comentou, mostrando certo inc\u00f4modo com a forma como a chef abordou o assunto.<\/p>\n\n\n\n<p>Apesar de seu coment\u00e1rio, Foga\u00e7a ressaltou que continua mantendo respeito e admira\u00e7\u00e3o por Paola, com quem dividiu a bancada do reality gastron\u00f4mico por muitos anos. Ele afirmou que, desde o in\u00edcio do programa, ambos foram alvo de especula\u00e7\u00f5es e interpreta\u00e7\u00f5es por parte dos f\u00e3s, mas que seu relacionamento sempre foi estritamente profissional.<\/p>\n\n\n\n<p>A pol\u00eamica ressurgiu ap\u00f3s a participa\u00e7\u00e3o de Paola no programa De Frente com Blogueirinha. Ao ser questionada sobre um poss\u00edvel romance com o chef, a argentina respondeu com bom humor e deu uma resposta amb\u00edgua, deixando espa\u00e7o para interpreta\u00e7\u00f5es e aumentando a curiosidade do p\u00fablico: &#8220;Deixa o povo imaginar. Que coisa mais linda voc\u00ea ficar imaginando duas pessoas t\u00e3o lindas, dois corpos t\u00e3o belos&#8221;.<\/p>\n","protected":false},"excerpt":{"rendered":"<p>Presente no festival The Town 2025, no \u00faltimo domingo (7), Henrique Foga\u00e7a falou sobre os rumores de um poss\u00edvel relacionamento com a chef e ex-colega de MasterChef Brasil, Paola Carosella. Ao lado da esposa, Carine Foga\u00e7a, o chef encerrou de vez o assunto, que voltou a repercutir nas redes sociais ap\u00f3s uma recente entrevista de [&hellip;]<\/p>\n","protected":false},"author":4,"featured_media":3461,"comment_status":"open","ping_status":"open","sticky":false,"template":"","format":"standard","meta":{"jnews-multi-image_gallery":[],"jnews_single_post":{"format":"standard"},"jnews_primary_category":[],"jnews_social_meta":[],"jnews_post_split":[],"footnotes":""},"categories":[1],"tags":[],"class_list":["post-3459","post","type-post","status-publish","format-standard","has-post-thumbnail","hentry","category-uncategorized"],"_links":{"self":[{"href":"https:\/\/diariodepernambuco.audiencelabs.com.br\/wp-json\/wp\/v2\/posts\/3459","targetHints":{"allow":["GET"]}}],"collection":[{"href":"https:\/\/diariodepernambuco.audiencelabs.com.br\/wp-json\/wp\/v2\/posts"}],"about":[{"href":"https:\/\/diariodepernambuco.audiencelabs.com.br\/wp-json\/wp\/v2\/types\/post"}],"author":[{"embeddable":true,"href":"https:\/\/diariodepernambuco.audiencelabs.com.br\/wp-json\/wp\/v2\/users\/4"}],"replies":[{"embeddable":true,"href":"https:\/\/diariodepernambuco.audiencelabs.com.br\/wp-json\/wp\/v2\/comments?post=3459"}],"version-history":[{"count":2,"href":"https:\/\/diariodepernambuco.audiencelabs.com.br\/wp-json\/wp\/v2\/posts\/3459\/revisions"}],"predecessor-version":[{"id":3462,"href":"https:\/\/diariodepernambuco.audiencelabs.com.br\/wp-json\/wp\/v2\/posts\/3459\/revisions\/3462"}],"wp:featuredmedia":[{"embeddable":true,"href":"https:\/\/diariodepernambuco.audiencelabs.com.br\/wp-json\/wp\/v2\/media\/3461"}],"wp:attachment":[{"href":"https:\/\/diariodepernambuco.audiencelabs.com.br\/wp-json\/wp\/v2\/media?parent=3459"}],"wp:term":[{"taxonomy":"category","embeddable":true,"href":"https:\/\/diariodepernambuco.audiencelabs.com.br\/wp-json\/wp\/v2\/categories?post=3459"},{"taxonomy":"post_tag","embeddable":true,"href":"https:\/\/diariodepernambuco.audiencelabs.com.br\/wp-json\/wp\/v2\/tags?post=3459"}],"curies":[{"name":"wp","href":"https:\/\/api.w.org\/{rel}","templated":true}]}}