{"id":3470,"date":"2025-09-14T23:23:00","date_gmt":"2025-09-15T02:23:00","guid":{"rendered":"https:\/\/diariodepernambuco.audiencelabs.com.br\/?p=3470"},"modified":"2025-09-12T10:38:13","modified_gmt":"2025-09-12T13:38:13","slug":"tradicional-chocolate-que-fez-sucesso-no-brasil-esta-de-volta-ao-mercado","status":"publish","type":"post","link":"https:\/\/diariodepernambuco.audiencelabs.com.br\/tradicional-chocolate-que-fez-sucesso-no-brasil-esta-de-volta-ao-mercado\/","title":{"rendered":"Tradicional chocolate que fez sucesso no Brasil est\u00e1 de volta ao mercado"},"content":{"rendered":"\n<p>O chocolate Lollo, um dos grandes \u00edcones da d\u00e9cada de 1980 no Brasil, retornou oficialmente \u00e0s prateleiras ap\u00f3s um hiato de quatro d\u00e9cadas. O relan\u00e7amento da Nestl\u00e9 atende a uma das demandas mais insistentes dos consumidores, que durante anos pediram o retorno do produto que marcou a inf\u00e2ncia e a juventude de milh\u00f5es de brasileiros.<\/p>\n\n\n\n<p>O Lollo foi lan\u00e7ado pela Nestl\u00e9 em 1982 e logo se tornou um verdadeiro fen\u00f4meno. Com seu formato em barra, textura aerada e sabor \u00fanico, conquistou f\u00e3s em todo o Brasil. No entanto, em 1992, a empresa optou por retirar o produto do mercado, substituindo-o pelo Milkybar como parte de uma estrat\u00e9gia global voltada \u00e0 unifica\u00e7\u00e3o de marcas em diferentes pa\u00edses.<\/p>\n\n\n\n<p>Embora o Milkybar tenha feito sucesso mundial, o p\u00fablico brasileiro nunca se adaptou totalmente ao novo produto. Muitos consumidores sentiram falta da textura cremosa e do sabor \u00fanico que tornavam o Lollo inesquec\u00edvel. O resultado foi um longo per\u00edodo de reclama\u00e7\u00f5es, solicita\u00e7\u00f5es e campanhas espont\u00e2neas nas redes sociais.<\/p>\n\n\n\n<p>Em setembro de 2012, a Nestl\u00e9 decidiu ouvir os apelos do p\u00fablico e trouxe o Lollo de volta \u00e0s prateleiras. A decis\u00e3o n\u00e3o se limitou ao produto em si: a empresa recriou a embalagem original, resgatando os elementos visuais que refor\u00e7avam a identidade do chocolate e despertavam a nostalgia.<\/p>\n\n\n\n<p>O design da embalagem teve um papel fundamental no relan\u00e7amento. A cor azul vibrante e a vaquinha sorridente retornaram como s\u00edmbolos nost\u00e1lgicos, permitindo que os consumidores identificassem instantaneamente o chocolate que marcou suas mem\u00f3rias. Al\u00e9m da cl\u00e1ssica barra aerada, o Lollo agora tamb\u00e9m est\u00e1 dispon\u00edvel em novas vers\u00f5es, como a \u201cCaixa Bombom Marshmallow Lollo\u201d.<\/p>\n\n\n\n<p><\/p>\n","protected":false},"excerpt":{"rendered":"<p>O chocolate Lollo, um dos grandes \u00edcones da d\u00e9cada de 1980 no Brasil, retornou oficialmente \u00e0s prateleiras ap\u00f3s um hiato de quatro d\u00e9cadas. O relan\u00e7amento da Nestl\u00e9 atende a uma das demandas mais insistentes dos consumidores, que durante anos pediram o retorno do produto que marcou a inf\u00e2ncia e a juventude de milh\u00f5es de brasileiros. [&hellip;]<\/p>\n","protected":false},"author":4,"featured_media":3473,"comment_status":"open","ping_status":"open","sticky":false,"template":"","format":"standard","meta":{"jnews-multi-image_gallery":[],"jnews_single_post":{"format":"standard"},"jnews_primary_category":[],"jnews_social_meta":[],"jnews_post_split":[],"footnotes":""},"categories":[1],"tags":[],"class_list":["post-3470","post","type-post","status-publish","format-standard","has-post-thumbnail","hentry","category-uncategorized"],"_links":{"self":[{"href":"https:\/\/diariodepernambuco.audiencelabs.com.br\/wp-json\/wp\/v2\/posts\/3470","targetHints":{"allow":["GET"]}}],"collection":[{"href":"https:\/\/diariodepernambuco.audiencelabs.com.br\/wp-json\/wp\/v2\/posts"}],"about":[{"href":"https:\/\/diariodepernambuco.audiencelabs.com.br\/wp-json\/wp\/v2\/types\/post"}],"author":[{"embeddable":true,"href":"https:\/\/diariodepernambuco.audiencelabs.com.br\/wp-json\/wp\/v2\/users\/4"}],"replies":[{"embeddable":true,"href":"https:\/\/diariodepernambuco.audiencelabs.com.br\/wp-json\/wp\/v2\/comments?post=3470"}],"version-history":[{"count":3,"href":"https:\/\/diariodepernambuco.audiencelabs.com.br\/wp-json\/wp\/v2\/posts\/3470\/revisions"}],"predecessor-version":[{"id":3476,"href":"https:\/\/diariodepernambuco.audiencelabs.com.br\/wp-json\/wp\/v2\/posts\/3470\/revisions\/3476"}],"wp:featuredmedia":[{"embeddable":true,"href":"https:\/\/diariodepernambuco.audiencelabs.com.br\/wp-json\/wp\/v2\/media\/3473"}],"wp:attachment":[{"href":"https:\/\/diariodepernambuco.audiencelabs.com.br\/wp-json\/wp\/v2\/media?parent=3470"}],"wp:term":[{"taxonomy":"category","embeddable":true,"href":"https:\/\/diariodepernambuco.audiencelabs.com.br\/wp-json\/wp\/v2\/categories?post=3470"},{"taxonomy":"post_tag","embeddable":true,"href":"https:\/\/diariodepernambuco.audiencelabs.com.br\/wp-json\/wp\/v2\/tags?post=3470"}],"curies":[{"name":"wp","href":"https:\/\/api.w.org\/{rel}","templated":true}]}}