{"id":3477,"date":"2025-09-14T22:21:00","date_gmt":"2025-09-15T01:21:00","guid":{"rendered":"https:\/\/diariodepernambuco.audiencelabs.com.br\/?p=3477"},"modified":"2025-09-12T10:47:54","modified_gmt":"2025-09-12T13:47:54","slug":"novo-destino-de-galvao-bueno-no-jornalismo-surpreende-a-todos","status":"publish","type":"post","link":"https:\/\/diariodepernambuco.audiencelabs.com.br\/novo-destino-de-galvao-bueno-no-jornalismo-surpreende-a-todos\/","title":{"rendered":"Novo destino de Galv\u00e3o Bueno no jornalismo surpreende a todos"},"content":{"rendered":"\n<p>Para aqueles que acreditavam que a Copa do Mundo de 2026 n\u00e3o teria a presen\u00e7a ic\u00f4nica de Galv\u00e3o Bueno, o experiente narrador surpreendeu os f\u00e3s mais uma vez. Segundo informa\u00e7\u00f5es do jornal &#8216;Folha de S\u00e3o Paulo&#8217;, Galv\u00e3o fechou uma parceria para ser a principal voz do SBT no Mundial do pr\u00f3ximo ano, que ser\u00e1 disputado nos pa\u00edses da Am\u00e9rica do Norte.<\/p>\n\n\n\n<p>O acordo inclui a participa\u00e7\u00e3o do narrador em jogos da Sele\u00e7\u00e3o Brasileira, nas finais e nas partidas mais importantes da competi\u00e7\u00e3o. De acordo com o jornalista Gabriel Vaquer, s\u00f3 falta a assinatura do contrato para que o an\u00fancio oficial seja feito. Na \u00faltima ter\u00e7a-feira (10), o SBT confirmou a aquisi\u00e7\u00e3o dos direitos de transmiss\u00e3o da pr\u00f3xima Copa do Mundo.<\/p>\n\n\n\n<p>O acordo entre as partes surgiu por iniciativa da NSports, canal do qual Galv\u00e3o \u00e9 um dos propriet\u00e1rios. A plataforma firmou uma parceria para oferecer cobertura e apoio na transmiss\u00e3o da Copa do Mundo, sendo o pr\u00f3prio narrador respons\u00e1vel por viabilizar a concretiza\u00e7\u00e3o do neg\u00f3cio. Atual titular das transmiss\u00f5es na emissora, Tiago Leifert tamb\u00e9m ser\u00e1 utilizado nas transmiss\u00f5es.<\/p>\n\n\n\n<p>Atualmente, Galv\u00e3o Bueno mant\u00e9m contrato com a Band. O narrador dever\u00e1 se reunir com a emissora para tratar do seu programa &#8220;Galv\u00e3o e Amigos&#8221;, exibido todas as segundas-feiras, e a expectativa \u00e9 que a atra\u00e7\u00e3o continue no ar at\u00e9 a Copa do Mundo.<\/p>\n\n\n\n<h2 class=\"wp-block-heading\">Caz\u00e9TV transmitir\u00e1 todos os jogos da Copa<\/h2>\n\n\n\n<p>A Caz\u00e9TV ser\u00e1 respons\u00e1vel pela transmiss\u00e3o de todas as partidas da Copa do Mundo de 2026. O acordo com a Fifa foi fechado em julho, tornando o canal de Casimiro Miguel o \u00fanico detentor integral dos direitos de transmiss\u00e3o.<\/p>\n\n\n\n<p>O Grupo Globo adquiriu apenas metade dos jogos do campeonato (52 de 104), o que significa que, por enquanto, as partidas ser\u00e3o exibidas com exclusividade na plataforma de streaming da ag\u00eancia Livemode, que det\u00e9m os direitos de transmiss\u00e3o e de publicidade.<\/p>\n\n\n\n<p><\/p>\n","protected":false},"excerpt":{"rendered":"<p>Para aqueles que acreditavam que a Copa do Mundo de 2026 n\u00e3o teria a presen\u00e7a ic\u00f4nica de Galv\u00e3o Bueno, o experiente narrador surpreendeu os f\u00e3s mais uma vez. Segundo informa\u00e7\u00f5es do jornal &#8216;Folha de S\u00e3o Paulo&#8217;, Galv\u00e3o fechou uma parceria para ser a principal voz do SBT no Mundial do pr\u00f3ximo ano, que ser\u00e1 disputado [&hellip;]<\/p>\n","protected":false},"author":4,"featured_media":3479,"comment_status":"open","ping_status":"open","sticky":false,"template":"","format":"standard","meta":{"jnews-multi-image_gallery":[],"jnews_single_post":[],"jnews_primary_category":[],"jnews_social_meta":[],"jnews_post_split":[],"footnotes":""},"categories":[1],"tags":[],"class_list":["post-3477","post","type-post","status-publish","format-standard","has-post-thumbnail","hentry","category-uncategorized"],"_links":{"self":[{"href":"https:\/\/diariodepernambuco.audiencelabs.com.br\/wp-json\/wp\/v2\/posts\/3477","targetHints":{"allow":["GET"]}}],"collection":[{"href":"https:\/\/diariodepernambuco.audiencelabs.com.br\/wp-json\/wp\/v2\/posts"}],"about":[{"href":"https:\/\/diariodepernambuco.audiencelabs.com.br\/wp-json\/wp\/v2\/types\/post"}],"author":[{"embeddable":true,"href":"https:\/\/diariodepernambuco.audiencelabs.com.br\/wp-json\/wp\/v2\/users\/4"}],"replies":[{"embeddable":true,"href":"https:\/\/diariodepernambuco.audiencelabs.com.br\/wp-json\/wp\/v2\/comments?post=3477"}],"version-history":[{"count":2,"href":"https:\/\/diariodepernambuco.audiencelabs.com.br\/wp-json\/wp\/v2\/posts\/3477\/revisions"}],"predecessor-version":[{"id":3480,"href":"https:\/\/diariodepernambuco.audiencelabs.com.br\/wp-json\/wp\/v2\/posts\/3477\/revisions\/3480"}],"wp:featuredmedia":[{"embeddable":true,"href":"https:\/\/diariodepernambuco.audiencelabs.com.br\/wp-json\/wp\/v2\/media\/3479"}],"wp:attachment":[{"href":"https:\/\/diariodepernambuco.audiencelabs.com.br\/wp-json\/wp\/v2\/media?parent=3477"}],"wp:term":[{"taxonomy":"category","embeddable":true,"href":"https:\/\/diariodepernambuco.audiencelabs.com.br\/wp-json\/wp\/v2\/categories?post=3477"},{"taxonomy":"post_tag","embeddable":true,"href":"https:\/\/diariodepernambuco.audiencelabs.com.br\/wp-json\/wp\/v2\/tags?post=3477"}],"curies":[{"name":"wp","href":"https:\/\/api.w.org\/{rel}","templated":true}]}}