{"id":3485,"date":"2025-09-13T14:00:00","date_gmt":"2025-09-13T17:00:00","guid":{"rendered":"https:\/\/diariodepernambuco.audiencelabs.com.br\/?p=3485"},"modified":"2025-09-12T13:19:06","modified_gmt":"2025-09-12T16:19:06","slug":"selecao-brasileira-esta-convocada-para-o-mundial","status":"publish","type":"post","link":"https:\/\/diariodepernambuco.audiencelabs.com.br\/selecao-brasileira-esta-convocada-para-o-mundial\/","title":{"rendered":"Sele\u00e7\u00e3o Brasileira est\u00e1 convocada para o Mundial"},"content":{"rendered":"\n<p>A sele\u00e7\u00e3o masculina de v\u00f4lei do Brasil j\u00e1 est\u00e1 definida para o Campeonato Mundial e faz sua estreia neste domingo (14), enfrentando a China \u00e0s 10h (hor\u00e1rio de Bras\u00edlia). O t\u00e9cnico Bernardinho anunciou os 14 jogadores que ir\u00e3o participar da competi\u00e7\u00e3o, mantendo a mesma equipe que conquistou a medalha de bronze na Liga das Na\u00e7\u00f5es no m\u00eas passado.<\/p>\n\n\n\n<p>O Brasil subiu ao p\u00f3dio em todas as \u00faltimas seis edi\u00e7\u00f5es do Campeonato Mundial, com t\u00edtulos em 2002, 2006 e 2010, medalhas de prata em 2014 e 2018, e o bronze em 2022. Neste ano, Bernardinho e companhia est\u00e3o no grupo H da competi\u00e7\u00e3o, ao lado de China, Rep\u00fablica Tcheca e S\u00e9rvia. Os dois primeiros da chave avan\u00e7am para as oitavas de final.<\/p>\n\n\n\n<p>&#8220;Foi uma boa prepara\u00e7\u00e3o, a rapaziada est\u00e1 bem, fisicamente bem. O Alan, que vinha em d\u00favida, fez dois sets no amistoso contra a Fran\u00e7a e est\u00e1 apto para o Mundial. Ter ele \u00e9 muito importante como op\u00e7\u00e3o, ele tem experi\u00eancia. Temos uma dupla de opostos interessante&#8221;, disse o treinador.<\/p>\n\n\n\n<p>A lista dos convocados conta com os levantadores Cachopa e Bras\u00edlia, os opostos Darlan, Alan e Chizoba, os pontas Adriano, Honorato, Lucarelli, Lucas Bergmann e Arthur Bento, os centrais Flavio, Matheus Pinta e Judson, al\u00e9m do l\u00edbero Maique.<\/p>\n\n\n\n<h2 class=\"wp-block-heading\">Datas e hor\u00e1rios do grupo do Brasil no Mundial<\/h2>\n\n\n\n<ul class=\"wp-block-list\">\n<li>14\/09 &#8211; 6h30: S\u00e9rvia x Rep\u00fablica Tcheca<\/li>\n\n\n\n<li>14\/09 &#8211; 10h: Brasil x China<\/li>\n\n\n\n<li>15\/09 &#8211; 23h: Brasil x Rep\u00fablica Tcheca<\/li>\n\n\n\n<li>16\/09 &#8211; 10h: S\u00e9rvia x China<\/li>\n\n\n\n<li>17\/09 &#8211; 23h: Brasil x S\u00e9rvia<\/li>\n\n\n\n<li>18\/09 &#8211; 10h: Rep\u00fablica Tcheca x China<\/li>\n<\/ul>\n","protected":false},"excerpt":{"rendered":"<p>A sele\u00e7\u00e3o masculina de v\u00f4lei do Brasil j\u00e1 est\u00e1 definida para o Campeonato Mundial e faz sua estreia neste domingo (14), enfrentando a China \u00e0s 10h (hor\u00e1rio de Bras\u00edlia). O t\u00e9cnico Bernardinho anunciou os 14 jogadores que ir\u00e3o participar da competi\u00e7\u00e3o, mantendo a mesma equipe que conquistou a medalha de bronze na Liga das Na\u00e7\u00f5es [&hellip;]<\/p>\n","protected":false},"author":4,"featured_media":3488,"comment_status":"open","ping_status":"open","sticky":false,"template":"","format":"standard","meta":{"jnews-multi-image_gallery":[],"jnews_single_post":{"format":"standard"},"jnews_primary_category":[],"jnews_social_meta":[],"jnews_post_split":[],"footnotes":""},"categories":[1],"tags":[],"class_list":["post-3485","post","type-post","status-publish","format-standard","has-post-thumbnail","hentry","category-uncategorized"],"_links":{"self":[{"href":"https:\/\/diariodepernambuco.audiencelabs.com.br\/wp-json\/wp\/v2\/posts\/3485","targetHints":{"allow":["GET"]}}],"collection":[{"href":"https:\/\/diariodepernambuco.audiencelabs.com.br\/wp-json\/wp\/v2\/posts"}],"about":[{"href":"https:\/\/diariodepernambuco.audiencelabs.com.br\/wp-json\/wp\/v2\/types\/post"}],"author":[{"embeddable":true,"href":"https:\/\/diariodepernambuco.audiencelabs.com.br\/wp-json\/wp\/v2\/users\/4"}],"replies":[{"embeddable":true,"href":"https:\/\/diariodepernambuco.audiencelabs.com.br\/wp-json\/wp\/v2\/comments?post=3485"}],"version-history":[{"count":2,"href":"https:\/\/diariodepernambuco.audiencelabs.com.br\/wp-json\/wp\/v2\/posts\/3485\/revisions"}],"predecessor-version":[{"id":3505,"href":"https:\/\/diariodepernambuco.audiencelabs.com.br\/wp-json\/wp\/v2\/posts\/3485\/revisions\/3505"}],"wp:featuredmedia":[{"embeddable":true,"href":"https:\/\/diariodepernambuco.audiencelabs.com.br\/wp-json\/wp\/v2\/media\/3488"}],"wp:attachment":[{"href":"https:\/\/diariodepernambuco.audiencelabs.com.br\/wp-json\/wp\/v2\/media?parent=3485"}],"wp:term":[{"taxonomy":"category","embeddable":true,"href":"https:\/\/diariodepernambuco.audiencelabs.com.br\/wp-json\/wp\/v2\/categories?post=3485"},{"taxonomy":"post_tag","embeddable":true,"href":"https:\/\/diariodepernambuco.audiencelabs.com.br\/wp-json\/wp\/v2\/tags?post=3485"}],"curies":[{"name":"wp","href":"https:\/\/api.w.org\/{rel}","templated":true}]}}