{"id":3506,"date":"2025-09-14T14:21:00","date_gmt":"2025-09-14T17:21:00","guid":{"rendered":"https:\/\/diariodepernambuco.audiencelabs.com.br\/?p=3506"},"modified":"2025-09-12T13:26:37","modified_gmt":"2025-09-12T16:26:37","slug":"sua-casa-pode-pegar-fogo-se-voce-nao-desligar-esse-eletrodomestico","status":"publish","type":"post","link":"https:\/\/diariodepernambuco.audiencelabs.com.br\/sua-casa-pode-pegar-fogo-se-voce-nao-desligar-esse-eletrodomestico\/","title":{"rendered":"Sua casa pode pegar fogo se voc\u00ea n\u00e3o desligar esse eletrodom\u00e9stico"},"content":{"rendered":"\n<p>Muitos brasileiros subestimam o risco que alguns aparelhos el\u00e9tricos podem representar quando permanecem ligados sem supervis\u00e3o. Certos eletrodom\u00e9sticos, mesmo aparentemente inofensivos, podem sobreaquecer, provocar curtos-circuitos e, em casos extremos, causar inc\u00eandios dentro de casa. Mas voc\u00ea tem ideia de qual seria o pior deles?<\/p>\n\n\n\n<p>A resposta, segundo a Itatiaia, \u00e9 simples: a cafeteira. Mesmo modelos mais modernos, que contam um sistema de desligamento autom\u00e1tico, n\u00e3o s\u00e3o considerados 100% seguros. As cafeteiras, especialmente as el\u00e9tricas, funcionam com resist\u00eancias que geram calor intenso para preparar o caf\u00e9.<\/p>\n\n\n\n<p>Se o aparelho ficar ligado por tempo excessivo ou se houver algum defeito no sistema el\u00e9trico, ele pode superaquecer e provocar fa\u00edscas, aumentando o risco de inc\u00eandio. Al\u00e9m disso, o ac\u00famulo de res\u00edduos de caf\u00e9 e gordura tamb\u00e9m pode contribuir para acidentes, tornando a limpeza e a aten\u00e7\u00e3o ao uso di\u00e1rio essenciais para a seguran\u00e7a da sua casa.<\/p>\n\n\n\n<p>Al\u00e9m de nunca deixar a cafeteira ligada sem supervis\u00e3o, \u00e9 fundamental seguir algumas medidas de seguran\u00e7a simples, mas eficazes. Sempre verifique se o cabo e o plugue est\u00e3o em bom estado, evitando fios desencapados ou mal encaixados na tomada. Coloque o aparelho em superf\u00edcies firmes e resistentes ao calor, longe de cortinas ou objetos inflam\u00e1veis.<\/p>\n\n\n\n<p>Tamb\u00e9m \u00e9 recomendado esvaziar e limpar o reservat\u00f3rio de \u00e1gua e os filtros regularmente, evitando o ac\u00famulo de res\u00edduos que possam entrar em combust\u00e3o. Seguindo essas pr\u00e1ticas, voc\u00ea reduz significativamente o risco de inc\u00eandios e mant\u00e9m sua casa mais segura.<\/p>\n\n\n\n<h2 class=\"wp-block-heading\">Dicas pr\u00e1ticas para reduzir o risco de inc\u00eandios dom\u00e9sticos<\/h2>\n\n\n\n<ol class=\"wp-block-list\">\n<li><strong>Nunca deixe aparelhos ligados sem supervis\u00e3o<\/strong><\/li>\n<\/ol>\n\n\n\n<p>Evite manter cafeteiras, ferro de passar, aquecedores e outros aparelhos el\u00e9tricos ligados quando n\u00e3o estiver por perto. O superaquecimento desses equipamentos \u00e9 uma das principais causas de inc\u00eandios dom\u00e9sticos.<\/p>\n\n\n\n<ol start=\"2\" class=\"wp-block-list\">\n<li><strong>Verifique fia\u00e7\u00e3o e tomadas<\/strong><\/li>\n<\/ol>\n\n\n\n<p>Cables desgastados, plugues soltos ou tomadas sobrecarregadas podem provocar curtos-circuitos. Fa\u00e7a inspe\u00e7\u00f5es peri\u00f3dicas e substitua qualquer fio danificado imediatamente.<\/p>\n\n\n\n<ol start=\"3\" class=\"wp-block-list\">\n<li><strong>Use extens\u00f5es e benjamins com cuidado<\/strong><\/li>\n<\/ol>\n\n\n\n<p>Evite ligar muitos aparelhos em uma mesma r\u00e9gua de energia. Distribua a carga el\u00e9trica entre diferentes tomadas para prevenir sobrecarga e aquecimento excessivo.<\/p>\n\n\n\n<ol start=\"4\" class=\"wp-block-list\">\n<li><strong>Mantenha materiais inflam\u00e1veis longe do fogo<\/strong><\/li>\n<\/ol>\n\n\n\n<p>N\u00e3o deixe pap\u00e9is, tecidos, cortinas ou produtos de limpeza pr\u00f3ximos a fog\u00f5es, aquecedores ou velas. A dist\u00e2ncia m\u00ednima segura \u00e9 de pelo menos 1 metro.<\/p>\n\n\n\n<ol start=\"5\" class=\"wp-block-list\">\n<li><strong>Limpeza e manuten\u00e7\u00e3o de eletrodom\u00e9sticos<\/strong><\/li>\n<\/ol>\n\n\n\n<p>Filtros de cafeteiras, coifas de cozinha, aquecedores e secadores acumulam sujeira e gordura que podem pegar fogo. Limpe regularmente e siga as instru\u00e7\u00f5es do fabricante.<\/p>\n\n\n\n<ol start=\"6\" class=\"wp-block-list\">\n<li><strong>Instale detectores de fuma\u00e7a<\/strong><\/li>\n<\/ol>\n\n\n\n<p>Eles podem salvar vidas ao alertar rapidamente sobre a presen\u00e7a de fuma\u00e7a ou fogo. Teste os sensores regularmente e troque as pilhas conforme indicado.<\/p>\n\n\n\n<ol start=\"7\" class=\"wp-block-list\">\n<li><strong>Tenha um extintor em casa<\/strong><\/li>\n<\/ol>\n\n\n\n<p>Escolha um modelo adequado para inc\u00eandios el\u00e9tricos e de cozinha (classe B e C). Saiba como us\u00e1-lo corretamente e mantenha-o em local de f\u00e1cil acesso.<\/p>\n\n\n\n<ol start=\"8\" class=\"wp-block-list\">\n<li><strong>Planeje rotas de evacua\u00e7\u00e3o<\/strong><\/li>\n<\/ol>\n\n\n\n<p>Em caso de inc\u00eandio, cada membro da fam\u00edlia deve saber para onde ir e como sair da casa com seguran\u00e7a. Simule o plano para garantir que todos estejam preparados.<\/p>\n\n\n\n<p><\/p>\n","protected":false},"excerpt":{"rendered":"<p>Muitos brasileiros subestimam o risco que alguns aparelhos el\u00e9tricos podem representar quando permanecem ligados sem supervis\u00e3o. Certos eletrodom\u00e9sticos, mesmo aparentemente inofensivos, podem sobreaquecer, provocar curtos-circuitos e, em casos extremos, causar inc\u00eandios dentro de casa. Mas voc\u00ea tem ideia de qual seria o pior deles? A resposta, segundo a Itatiaia, \u00e9 simples: a cafeteira. Mesmo modelos [&hellip;]<\/p>\n","protected":false},"author":4,"featured_media":3508,"comment_status":"open","ping_status":"open","sticky":false,"template":"","format":"standard","meta":{"jnews-multi-image_gallery":[],"jnews_single_post":[],"jnews_primary_category":[],"jnews_social_meta":[],"jnews_post_split":[],"footnotes":""},"categories":[1],"tags":[],"class_list":["post-3506","post","type-post","status-publish","format-standard","has-post-thumbnail","hentry","category-uncategorized"],"_links":{"self":[{"href":"https:\/\/diariodepernambuco.audiencelabs.com.br\/wp-json\/wp\/v2\/posts\/3506","targetHints":{"allow":["GET"]}}],"collection":[{"href":"https:\/\/diariodepernambuco.audiencelabs.com.br\/wp-json\/wp\/v2\/posts"}],"about":[{"href":"https:\/\/diariodepernambuco.audiencelabs.com.br\/wp-json\/wp\/v2\/types\/post"}],"author":[{"embeddable":true,"href":"https:\/\/diariodepernambuco.audiencelabs.com.br\/wp-json\/wp\/v2\/users\/4"}],"replies":[{"embeddable":true,"href":"https:\/\/diariodepernambuco.audiencelabs.com.br\/wp-json\/wp\/v2\/comments?post=3506"}],"version-history":[{"count":2,"href":"https:\/\/diariodepernambuco.audiencelabs.com.br\/wp-json\/wp\/v2\/posts\/3506\/revisions"}],"predecessor-version":[{"id":3509,"href":"https:\/\/diariodepernambuco.audiencelabs.com.br\/wp-json\/wp\/v2\/posts\/3506\/revisions\/3509"}],"wp:featuredmedia":[{"embeddable":true,"href":"https:\/\/diariodepernambuco.audiencelabs.com.br\/wp-json\/wp\/v2\/media\/3508"}],"wp:attachment":[{"href":"https:\/\/diariodepernambuco.audiencelabs.com.br\/wp-json\/wp\/v2\/media?parent=3506"}],"wp:term":[{"taxonomy":"category","embeddable":true,"href":"https:\/\/diariodepernambuco.audiencelabs.com.br\/wp-json\/wp\/v2\/categories?post=3506"},{"taxonomy":"post_tag","embeddable":true,"href":"https:\/\/diariodepernambuco.audiencelabs.com.br\/wp-json\/wp\/v2\/tags?post=3506"}],"curies":[{"name":"wp","href":"https:\/\/api.w.org\/{rel}","templated":true}]}}