{"id":3549,"date":"2025-09-13T16:11:00","date_gmt":"2025-09-13T19:11:00","guid":{"rendered":"https:\/\/diariodepernambuco.audiencelabs.com.br\/?p=3549"},"modified":"2025-09-14T10:42:16","modified_gmt":"2025-09-14T13:42:16","slug":"trabalhadores-brasileiros-agora-podem-se-aposentar-muito-antes-dos-60-anos","status":"publish","type":"post","link":"https:\/\/diariodepernambuco.audiencelabs.com.br\/trabalhadores-brasileiros-agora-podem-se-aposentar-muito-antes-dos-60-anos\/","title":{"rendered":"Trabalhadores brasileiros poder\u00e3o se aposentar muito antes dos 60 anos"},"content":{"rendered":"\n<p>A Comiss\u00e3o de Previd\u00eancia, Assist\u00eancia Social, Inf\u00e2ncia, Adolesc\u00eancia e Fam\u00edlia da C\u00e2mara dos Deputados aprovou um projeto de lei complementar que diminui a idade m\u00ednima para a aposentadoria especial de profissionais que atuam em contato com agentes nocivos. Pela proposta, as novas idades passam a ser de 40, 45 e 48 anos, de acordo com o n\u00edvel de risco e o tempo de exposi\u00e7\u00e3o do trabalhador.<\/p>\n\n\n\n<p>Atualmente, a legisla\u00e7\u00e3o previdenci\u00e1ria prev\u00ea idades m\u00ednimas de 55, 58 e 60 anos. A proposta tamb\u00e9m altera a forma de c\u00e1lculo da aposentadoria especial: pelo novo texto, o benef\u00edcio passaria a ser equivalente a 100% da m\u00e9dia das contribui\u00e7\u00f5es, substituindo a regra atual, que considera 60% dessa m\u00e9dia acrescido de percentuais adicionais.<\/p>\n\n\n\n<p>A mudan\u00e7a tem como objetivo oferecer uma compensa\u00e7\u00e3o mais justa aos profissionais que atuam em ambientes insalubres, como t\u00e9cnicos em radiologia, aeronautas e mineradores. Essas categorias est\u00e3o expostas a condi\u00e7\u00f5es como press\u00f5es atmosf\u00e9ricas anormais, al\u00e9m de agentes qu\u00edmicos e biol\u00f3gicos.<\/p>\n\n\n\n<p>Al\u00e9m da redu\u00e7\u00e3o da idade m\u00ednima e do c\u00e1lculo mais favor\u00e1vel do benef\u00edcio, o projeto visa reconhecer os riscos adicionais enfrentados por esses trabalhadores ao longo da carreira. Especialistas destacam que a medida pode incentivar maior seguran\u00e7a no ambiente de trabalho, uma vez que valoriza profiss\u00f5es que lidam diariamente com situa\u00e7\u00f5es de risco \u00e0 sa\u00fade.<\/p>\n\n\n\n<p>O texto agora segue para an\u00e1lise em outras comiss\u00f5es antes de ser votado em plen\u00e1rio. Caso seja aprovado, a altera\u00e7\u00e3o representar\u00e1 uma das mudan\u00e7as mais significativas na legisla\u00e7\u00e3o previdenci\u00e1ria voltada \u00e0 prote\u00e7\u00e3o de trabalhadores em condi\u00e7\u00f5es insalubres nos \u00faltimos anos.<\/p>\n\n\n\n<h2 class=\"wp-block-heading\">Aposentadoria especial para trabalhadores expostos a agentes nocivos<\/h2>\n\n\n\n<ul class=\"wp-block-list\">\n<li>Redu\u00e7\u00e3o da idade m\u00ednima: Projeto aprovado pela C\u00e2mara prop\u00f5e aposentadoria especial aos 40, 45 e 48 anos, conforme risco e tempo de exposi\u00e7\u00e3o.<\/li>\n<\/ul>\n\n\n\n<ul class=\"wp-block-list\">\n<li>Idades atuais: Atualmente, a legisla\u00e7\u00e3o estabelece 55, 58 e 60 anos para essas categorias.<\/li>\n<\/ul>\n\n\n\n<ul class=\"wp-block-list\">\n<li>Mudan\u00e7a no c\u00e1lculo do benef\u00edcio: O projeto prev\u00ea 100% da m\u00e9dia das contribui\u00e7\u00f5es, substituindo a regra atual de 60% mais acr\u00e9scimos.<\/li>\n<\/ul>\n\n\n\n<ul class=\"wp-block-list\">\n<li>Profissionais beneficiados: T\u00e9cnicos em radiologia, aeronautas, mineradores e outros expostos a agentes qu\u00edmicos, biol\u00f3gicos ou press\u00f5es anormais.<\/li>\n<\/ul>\n\n\n\n<ul class=\"wp-block-list\">\n<li>Objetivo da mudan\u00e7a: Oferecer compensa\u00e7\u00e3o justa e reconhecer os riscos enfrentados em ambientes insalubres.<\/li>\n<\/ul>\n\n\n\n<ul class=\"wp-block-list\">\n<li>Impacto esperado: Poss\u00edvel aposentadoria antecipada para milhares de trabalhadores, al\u00e9m de incentivo \u00e0 seguran\u00e7a no trabalho.<\/li>\n<\/ul>\n\n\n\n<ul class=\"wp-block-list\">\n<li>Pr\u00f3ximos passos: O projeto segue para an\u00e1lise em outras comiss\u00f5es antes da vota\u00e7\u00e3o em plen\u00e1rio.<\/li>\n<\/ul>\n\n\n\n<p><\/p>\n","protected":false},"excerpt":{"rendered":"<p>A Comiss\u00e3o de Previd\u00eancia, Assist\u00eancia Social, Inf\u00e2ncia, Adolesc\u00eancia e Fam\u00edlia da C\u00e2mara dos Deputados aprovou um projeto de lei complementar que diminui a idade m\u00ednima para a aposentadoria especial de profissionais que atuam em contato com agentes nocivos. Pela proposta, as novas idades passam a ser de 40, 45 e 48 anos, de acordo com [&hellip;]<\/p>\n","protected":false},"author":4,"featured_media":566,"comment_status":"open","ping_status":"open","sticky":false,"template":"","format":"standard","meta":{"jnews-multi-image_gallery":[],"jnews_single_post":{"format":"standard"},"jnews_primary_category":[],"jnews_social_meta":[],"jnews_post_split":[],"footnotes":""},"categories":[1],"tags":[],"class_list":["post-3549","post","type-post","status-publish","format-standard","has-post-thumbnail","hentry","category-uncategorized"],"_links":{"self":[{"href":"https:\/\/diariodepernambuco.audiencelabs.com.br\/wp-json\/wp\/v2\/posts\/3549","targetHints":{"allow":["GET"]}}],"collection":[{"href":"https:\/\/diariodepernambuco.audiencelabs.com.br\/wp-json\/wp\/v2\/posts"}],"about":[{"href":"https:\/\/diariodepernambuco.audiencelabs.com.br\/wp-json\/wp\/v2\/types\/post"}],"author":[{"embeddable":true,"href":"https:\/\/diariodepernambuco.audiencelabs.com.br\/wp-json\/wp\/v2\/users\/4"}],"replies":[{"embeddable":true,"href":"https:\/\/diariodepernambuco.audiencelabs.com.br\/wp-json\/wp\/v2\/comments?post=3549"}],"version-history":[{"count":3,"href":"https:\/\/diariodepernambuco.audiencelabs.com.br\/wp-json\/wp\/v2\/posts\/3549\/revisions"}],"predecessor-version":[{"id":3619,"href":"https:\/\/diariodepernambuco.audiencelabs.com.br\/wp-json\/wp\/v2\/posts\/3549\/revisions\/3619"}],"wp:featuredmedia":[{"embeddable":true,"href":"https:\/\/diariodepernambuco.audiencelabs.com.br\/wp-json\/wp\/v2\/media\/566"}],"wp:attachment":[{"href":"https:\/\/diariodepernambuco.audiencelabs.com.br\/wp-json\/wp\/v2\/media?parent=3549"}],"wp:term":[{"taxonomy":"category","embeddable":true,"href":"https:\/\/diariodepernambuco.audiencelabs.com.br\/wp-json\/wp\/v2\/categories?post=3549"},{"taxonomy":"post_tag","embeddable":true,"href":"https:\/\/diariodepernambuco.audiencelabs.com.br\/wp-json\/wp\/v2\/tags?post=3549"}],"curies":[{"name":"wp","href":"https:\/\/api.w.org\/{rel}","templated":true}]}}