{"id":3552,"date":"2025-09-14T09:45:00","date_gmt":"2025-09-14T12:45:00","guid":{"rendered":"https:\/\/diariodepernambuco.audiencelabs.com.br\/?p=3552"},"modified":"2025-09-13T11:51:06","modified_gmt":"2025-09-13T14:51:06","slug":"fenomeno-alertado-pela-nasa-chega-ao-brasil-para-trazer-consequencias-graves","status":"publish","type":"post","link":"https:\/\/diariodepernambuco.audiencelabs.com.br\/fenomeno-alertado-pela-nasa-chega-ao-brasil-para-trazer-consequencias-graves\/","title":{"rendered":"Fen\u00f4meno alertado pela NASA chega ao Brasil para trazer consequ\u00eancias graves"},"content":{"rendered":"\n<p>A Ag\u00eancia Espacial Americana (NASA) voltou a alertar sobre um fen\u00f4meno que vem se intensificando na Am\u00e9rica do Sul: a Anomalia Magn\u00e9tica do Atl\u00e2ntico Sul (AMAS). Essa \u00e9 uma regi\u00e3o onde o campo magn\u00e9tico da Terra apresenta menor intensidade, tornando a \u00e1rea mais exposta \u00e0 radia\u00e7\u00e3o c\u00f3smica e \u00e0s part\u00edculas solares.<\/p>\n\n\n\n<p>O centro dessa \u201cbolha\u201d magn\u00e9tica est\u00e1 atualmente sobre o Brasil e afeta tamb\u00e9m Argentina, Bol\u00edvia e Paraguai, tendo se deslocado cerca de 20 quil\u00f4metros para o oeste. Apesar de n\u00e3o representar risco direto \u00e0 popula\u00e7\u00e3o, a AMAS provoca impactos relevantes em tecnologias.<\/p>\n\n\n\n<p>Sat\u00e9lites e sistemas de navega\u00e7\u00e3o sofrem interfer\u00eancias ao cruzar a regi\u00e3o, podendo apresentar falhas em computadores de bordo, perda de dados e anomalias em rel\u00f3gios internos, essenciais para a precis\u00e3o das coordenadas geod\u00e9sicas. Por isso, equipamentos espaciais s\u00e3o programados para entrar em modo de espera ao atravessar a \u00e1rea.<\/p>\n\n\n\n<p>Al\u00e9m dos sat\u00e9lites, infraestruturas estrat\u00e9gicas tamb\u00e9m est\u00e3o entre as poss\u00edveis afetadas. Correntes geomagneticamente induzidas (GICs) podem prejudicar sistemas de transmiss\u00e3o de energia el\u00e9trica, sobrecarregando transformadores, alterando sinais de reguladores de tens\u00e3o e at\u00e9 causando apag\u00f5es. Linhas telef\u00f4nicas, dutos e ferrovias tamb\u00e9m podem sofrer interfer\u00eancias.<\/p>\n\n\n\n<h2 class=\"wp-block-heading\">Como a NASA monitora o AMAS<\/h2>\n\n\n\n<ul class=\"wp-block-list\">\n<li>A NASA monitora a Anomalia Magn\u00e9tica do Atl\u00e2ntico Sul (AMAS) usando uma combina\u00e7\u00e3o de sat\u00e9lites, instrumentos de medi\u00e7\u00e3o e modelos computacionais:<\/li>\n<\/ul>\n\n\n\n<ul class=\"wp-block-list\">\n<li>Sat\u00e9lites de observa\u00e7\u00e3o magn\u00e9tica: Miss\u00f5es como a Swarm, da Ag\u00eancia Espacial Europeia (ESA), s\u00e3o utilizadas em parceria com a NASA para medir varia\u00e7\u00f5es do campo magn\u00e9tico da Terra em tempo real.<\/li>\n<\/ul>\n\n\n\n<ul class=\"wp-block-list\">\n<li>Sensores a bordo de sat\u00e9lites: Equipamentos registram intensidade e dire\u00e7\u00e3o do campo magn\u00e9tico, al\u00e9m de part\u00edculas carregadas e radia\u00e7\u00e3o c\u00f3smica.<\/li>\n<\/ul>\n\n\n\n<ul class=\"wp-block-list\">\n<li>Modelagem computacional: Dados coletados s\u00e3o usados para criar modelos que projetam o deslocamento e a evolu\u00e7\u00e3o da AMAS, ajudando a prever \u00e1reas de maior vulnerabilidade.<\/li>\n<\/ul>\n\n\n\n<ul class=\"wp-block-list\">\n<li>Monitoramento cont\u00ednuo de sat\u00e9lites e sistemas de navega\u00e7\u00e3o: Permite detectar interfer\u00eancias e ajustar protocolos operacionais, como colocar equipamentos em modo de espera ao atravessar a regi\u00e3o.<\/li>\n<\/ul>\n\n\n\n<ul class=\"wp-block-list\">\n<li>Colabora\u00e7\u00e3o internacional: A NASA trabalha em conjunto com outras ag\u00eancias espaciais e institutos de geoci\u00eancias para atualizar mapas e alertas sobre a AMAS.<\/li>\n<\/ul>\n\n\n\n<p><\/p>\n","protected":false},"excerpt":{"rendered":"<p>A Ag\u00eancia Espacial Americana (NASA) voltou a alertar sobre um fen\u00f4meno que vem se intensificando na Am\u00e9rica do Sul: a Anomalia Magn\u00e9tica do Atl\u00e2ntico Sul (AMAS). Essa \u00e9 uma regi\u00e3o onde o campo magn\u00e9tico da Terra apresenta menor intensidade, tornando a \u00e1rea mais exposta \u00e0 radia\u00e7\u00e3o c\u00f3smica e \u00e0s part\u00edculas solares. O centro dessa \u201cbolha\u201d [&hellip;]<\/p>\n","protected":false},"author":4,"featured_media":3555,"comment_status":"open","ping_status":"open","sticky":false,"template":"","format":"standard","meta":{"jnews-multi-image_gallery":[],"jnews_single_post":{"format":"standard"},"jnews_primary_category":[],"jnews_social_meta":[],"jnews_post_split":[],"footnotes":""},"categories":[1],"tags":[],"class_list":["post-3552","post","type-post","status-publish","format-standard","has-post-thumbnail","hentry","category-uncategorized"],"_links":{"self":[{"href":"https:\/\/diariodepernambuco.audiencelabs.com.br\/wp-json\/wp\/v2\/posts\/3552","targetHints":{"allow":["GET"]}}],"collection":[{"href":"https:\/\/diariodepernambuco.audiencelabs.com.br\/wp-json\/wp\/v2\/posts"}],"about":[{"href":"https:\/\/diariodepernambuco.audiencelabs.com.br\/wp-json\/wp\/v2\/types\/post"}],"author":[{"embeddable":true,"href":"https:\/\/diariodepernambuco.audiencelabs.com.br\/wp-json\/wp\/v2\/users\/4"}],"replies":[{"embeddable":true,"href":"https:\/\/diariodepernambuco.audiencelabs.com.br\/wp-json\/wp\/v2\/comments?post=3552"}],"version-history":[{"count":2,"href":"https:\/\/diariodepernambuco.audiencelabs.com.br\/wp-json\/wp\/v2\/posts\/3552\/revisions"}],"predecessor-version":[{"id":3557,"href":"https:\/\/diariodepernambuco.audiencelabs.com.br\/wp-json\/wp\/v2\/posts\/3552\/revisions\/3557"}],"wp:featuredmedia":[{"embeddable":true,"href":"https:\/\/diariodepernambuco.audiencelabs.com.br\/wp-json\/wp\/v2\/media\/3555"}],"wp:attachment":[{"href":"https:\/\/diariodepernambuco.audiencelabs.com.br\/wp-json\/wp\/v2\/media?parent=3552"}],"wp:term":[{"taxonomy":"category","embeddable":true,"href":"https:\/\/diariodepernambuco.audiencelabs.com.br\/wp-json\/wp\/v2\/categories?post=3552"},{"taxonomy":"post_tag","embeddable":true,"href":"https:\/\/diariodepernambuco.audiencelabs.com.br\/wp-json\/wp\/v2\/tags?post=3552"}],"curies":[{"name":"wp","href":"https:\/\/api.w.org\/{rel}","templated":true}]}}