{"id":3566,"date":"2025-09-15T10:30:00","date_gmt":"2025-09-15T13:30:00","guid":{"rendered":"https:\/\/diariodepernambuco.audiencelabs.com.br\/?p=3566"},"modified":"2025-09-13T12:54:27","modified_gmt":"2025-09-13T15:54:27","slug":"presentaco-liberado-pela-caixa-saiba-como-voce-pode-receber","status":"publish","type":"post","link":"https:\/\/diariodepernambuco.audiencelabs.com.br\/presentaco-liberado-pela-caixa-saiba-como-voce-pode-receber\/","title":{"rendered":"Presenta\u00e7o liberado pela Caixa: saiba como voc\u00ea pode receber"},"content":{"rendered":"\n<p>Os repasses do Bolsa Fam\u00edlia para o m\u00eas de setembro j\u00e1 t\u00eam calend\u00e1rio definido, segundo o Minist\u00e9rio do Desenvolvimento e Assist\u00eancia Social, Fam\u00edlia e Combate \u00e0 Fome. O cronograma pode ser consultado diretamente pelo aplicativo Caixa Tem. O cronograma segue a ordem do \u00faltimo d\u00edgito do NIS (N\u00famero de Identifica\u00e7\u00e3o Social), presente no cart\u00e3o do benefici\u00e1rio.<\/p>\n\n\n\n<p>Os valores do Bolsa Fam\u00edlia s\u00e3o liberados nos dez \u00faltimos dias \u00fateis de cada m\u00eas, exceto em dezembro, quando os dep\u00f3sitos s\u00e3o antecipados para que todos recebam antes do Natal, encerrando-se no dia 10. Para setembro, os pagamentos come\u00e7ar\u00e3o no dia 17 para os benefici\u00e1rios com NIS final 1 e seguir\u00e3o at\u00e9 o dia 30, quando receber\u00e3o aqueles com NIS final 0.<\/p>\n\n\n\n<p>Para receber o benef\u00edcio, \u00e9 necess\u00e1rio ter o aplicativo Caixa Tem instalado no celular, onde \u00e9 poss\u00edvel consultar o saldo, o calend\u00e1rio de pagamentos e movimentar o valor de forma digital. O aplicativo tamb\u00e9m permite realizar pagamentos de contas, transfer\u00eancias e compras usando o cart\u00e3o virtual ou QR Code, sem precisar ir a uma ag\u00eancia.<\/p>\n\n\n\n<p>\u00c9 importante ficar atento \u00e0s datas do cronograma para evitar atrasos ou problemas no saque. Caso o benefici\u00e1rio n\u00e3o possa receber o valor na data prevista, o dinheiro permanecer\u00e1 dispon\u00edvel na conta e poder\u00e1 ser retirado nos dias seguintes dentro do per\u00edodo de pagamento.<\/p>\n\n\n\n<h2 class=\"wp-block-heading\">Datas de pagamento do Bolsa Fam\u00edlia em setembro<\/h2>\n\n\n\n<ul class=\"wp-block-list\">\n<li>Final do NIS 1: 17\/09<\/li>\n\n\n\n<li>Final do NIS 2: 18\/09<\/li>\n\n\n\n<li>Final do NIS 3: 19\/09<\/li>\n\n\n\n<li>Final do NIS 4: 22\/09<\/li>\n\n\n\n<li>Final do NIS 5: 23\/09<\/li>\n\n\n\n<li>Final do NIS 6: 24\/09<\/li>\n\n\n\n<li>Final do NIS 7: 25\/09<\/li>\n\n\n\n<li>Final do NIS 8: 26\/09<\/li>\n\n\n\n<li>Final do NIS 9: 29\/09<\/li>\n\n\n\n<li>Final do NIS 0: 30\/09<\/li>\n<\/ul>\n\n\n\n<h2 class=\"wp-block-heading\">Valores e benef\u00edcios garantidos pelo programa<\/h2>\n\n\n\n<ul class=\"wp-block-list\">\n<li>Renda de Cidadania (BRC): R$ 142 por integrante da fam\u00edlia;<\/li>\n\n\n\n<li>Benef\u00edcio Complementar (BCO): valor adicional para assegurar renda m\u00ednima de R$ 600 por fam\u00edlia;<\/li>\n\n\n\n<li>Primeira Inf\u00e2ncia (BPI): R$ 150 para cada crian\u00e7a de at\u00e9 6 anos;<\/li>\n\n\n\n<li>Benef\u00edcio Vari\u00e1vel Familiar (BVF): extra de R$ 50 para gestantes e adolescentes entre 7 e 17 anos;<\/li>\n\n\n\n<li>Benef\u00edcio Vari\u00e1vel Nutriz (BVN): R$ 50 para beb\u00eas de at\u00e9 7 meses.<\/li>\n<\/ul>\n","protected":false},"excerpt":{"rendered":"<p>Os repasses do Bolsa Fam\u00edlia para o m\u00eas de setembro j\u00e1 t\u00eam calend\u00e1rio definido, segundo o Minist\u00e9rio do Desenvolvimento e Assist\u00eancia Social, Fam\u00edlia e Combate \u00e0 Fome. O cronograma pode ser consultado diretamente pelo aplicativo Caixa Tem. O cronograma segue a ordem do \u00faltimo d\u00edgito do NIS (N\u00famero de Identifica\u00e7\u00e3o Social), presente no cart\u00e3o do [&hellip;]<\/p>\n","protected":false},"author":4,"featured_media":3391,"comment_status":"open","ping_status":"open","sticky":false,"template":"","format":"standard","meta":{"jnews-multi-image_gallery":[],"jnews_single_post":{"format":"standard"},"jnews_primary_category":[],"jnews_social_meta":[],"jnews_post_split":[],"footnotes":""},"categories":[1],"tags":[],"class_list":["post-3566","post","type-post","status-publish","format-standard","has-post-thumbnail","hentry","category-uncategorized"],"_links":{"self":[{"href":"https:\/\/diariodepernambuco.audiencelabs.com.br\/wp-json\/wp\/v2\/posts\/3566","targetHints":{"allow":["GET"]}}],"collection":[{"href":"https:\/\/diariodepernambuco.audiencelabs.com.br\/wp-json\/wp\/v2\/posts"}],"about":[{"href":"https:\/\/diariodepernambuco.audiencelabs.com.br\/wp-json\/wp\/v2\/types\/post"}],"author":[{"embeddable":true,"href":"https:\/\/diariodepernambuco.audiencelabs.com.br\/wp-json\/wp\/v2\/users\/4"}],"replies":[{"embeddable":true,"href":"https:\/\/diariodepernambuco.audiencelabs.com.br\/wp-json\/wp\/v2\/comments?post=3566"}],"version-history":[{"count":2,"href":"https:\/\/diariodepernambuco.audiencelabs.com.br\/wp-json\/wp\/v2\/posts\/3566\/revisions"}],"predecessor-version":[{"id":3569,"href":"https:\/\/diariodepernambuco.audiencelabs.com.br\/wp-json\/wp\/v2\/posts\/3566\/revisions\/3569"}],"wp:featuredmedia":[{"embeddable":true,"href":"https:\/\/diariodepernambuco.audiencelabs.com.br\/wp-json\/wp\/v2\/media\/3391"}],"wp:attachment":[{"href":"https:\/\/diariodepernambuco.audiencelabs.com.br\/wp-json\/wp\/v2\/media?parent=3566"}],"wp:term":[{"taxonomy":"category","embeddable":true,"href":"https:\/\/diariodepernambuco.audiencelabs.com.br\/wp-json\/wp\/v2\/categories?post=3566"},{"taxonomy":"post_tag","embeddable":true,"href":"https:\/\/diariodepernambuco.audiencelabs.com.br\/wp-json\/wp\/v2\/tags?post=3566"}],"curies":[{"name":"wp","href":"https:\/\/api.w.org\/{rel}","templated":true}]}}