{"id":3574,"date":"2025-09-15T12:30:00","date_gmt":"2025-09-15T15:30:00","guid":{"rendered":"https:\/\/diariodepernambuco.audiencelabs.com.br\/?p=3574"},"modified":"2025-09-13T14:32:24","modified_gmt":"2025-09-13T17:32:24","slug":"demissoes-no-itau-podem-fazer-o-banco-encerrar-as-atividades","status":"publish","type":"post","link":"https:\/\/diariodepernambuco.audiencelabs.com.br\/demissoes-no-itau-podem-fazer-o-banco-encerrar-as-atividades\/","title":{"rendered":"Demiss\u00f5es no Ita\u00fa podem fazer o banco encerrar as atividades?"},"content":{"rendered":"\n<p>O Ita\u00fa, maior banco privado do pa\u00eds, surpreendeu ao comunicar um n\u00famero ainda n\u00e3o confirmado de demiss\u00f5es, justificadas por uma \u201crevis\u00e3o criteriosa de condutas relacionadas ao trabalho remoto e registro de jornada\u201d. Em outras palavras, a institui\u00e7\u00e3o decidiu desligar funcion\u00e1rios avaliando seu desempenho enquanto atuavam em regime remoto.<\/p>\n\n\n\n<p>Apesar da repercuss\u00e3o, especialistas afirmam que as demiss\u00f5es n\u00e3o indicam risco de encerramento das atividades do banco. Cortes de pessoal s\u00e3o comuns em grandes institui\u00e7\u00f5es financeiras e, muitas vezes, refletem ajustes estrat\u00e9gicos ou mudan\u00e7as na forma de opera\u00e7\u00e3o, como a amplia\u00e7\u00e3o do trabalho remoto ou a reestrutura\u00e7\u00e3o de departamentos.<\/p>\n\n\n\n<p>Al\u00e9m disso, o Ita\u00fa mant\u00e9m uma base s\u00f3lida de clientes e uma posi\u00e7\u00e3o de lideran\u00e7a no mercado brasileiro, fatores que garantem estabilidade mesmo diante de ajustes internos. Para investidores e clientes, a recomenda\u00e7\u00e3o \u00e9 acompanhar comunicados oficiais e mudan\u00e7as operacionais, sem entrar em p\u00e2nico com not\u00edcias isoladas sobre desligamentos.<\/p>\n\n\n\n<p>Para os clientes, os desligamentos recentes devem ter impacto m\u00ednimo no atendimento e nos servi\u00e7os oferecidos pelo banco. Eventuais ajustes podem ocorrer em ag\u00eancias espec\u00edficas, mas n\u00e3o h\u00e1 ind\u00edcios de interrup\u00e7\u00f5es significativas nos servi\u00e7os.<\/p>\n\n\n\n<h2 class=\"wp-block-heading\">Resultados financeiros do Ita\u00fa em 2025<\/h2>\n\n\n\n<ul class=\"wp-block-list\">\n<li>Lucro l\u00edquido recorrente: R$ 11,5 bilh\u00f5es no segundo trimestre, representando um crescimento de 14,3% em rela\u00e7\u00e3o ao mesmo per\u00edodo de 2024.<\/li>\n<\/ul>\n\n\n\n<ul class=\"wp-block-list\">\n<li>Lucro l\u00edquido cont\u00e1bil: R$ 11,27 bilh\u00f5es no segundo trimestre, o maior j\u00e1 registrado por um banco brasileiro.<\/li>\n<\/ul>\n\n\n\n<ul class=\"wp-block-list\">\n<li>Lucro l\u00edquido semestral: R$ 22,6 bilh\u00f5es no primeiro semestre, um aumento de 14,1% em rela\u00e7\u00e3o ao ano anterior.<\/li>\n<\/ul>\n\n\n\n<ul class=\"wp-block-list\">\n<li>Rentabilidade sobre o patrim\u00f4nio l\u00edquido (ROE): 23,3% no segundo trimestre, superando os concorrentes Santander Brasil (16,4%) e Bradesco (14,6%).<\/li>\n<\/ul>\n","protected":false},"excerpt":{"rendered":"<p>O Ita\u00fa, maior banco privado do pa\u00eds, surpreendeu ao comunicar um n\u00famero ainda n\u00e3o confirmado de demiss\u00f5es, justificadas por uma \u201crevis\u00e3o criteriosa de condutas relacionadas ao trabalho remoto e registro de jornada\u201d. Em outras palavras, a institui\u00e7\u00e3o decidiu desligar funcion\u00e1rios avaliando seu desempenho enquanto atuavam em regime remoto. Apesar da repercuss\u00e3o, especialistas afirmam que as [&hellip;]<\/p>\n","protected":false},"author":4,"featured_media":3155,"comment_status":"open","ping_status":"open","sticky":false,"template":"","format":"standard","meta":{"jnews-multi-image_gallery":[],"jnews_single_post":[],"jnews_primary_category":[],"jnews_social_meta":[],"jnews_post_split":[],"footnotes":""},"categories":[1],"tags":[],"class_list":["post-3574","post","type-post","status-publish","format-standard","has-post-thumbnail","hentry","category-uncategorized"],"_links":{"self":[{"href":"https:\/\/diariodepernambuco.audiencelabs.com.br\/wp-json\/wp\/v2\/posts\/3574","targetHints":{"allow":["GET"]}}],"collection":[{"href":"https:\/\/diariodepernambuco.audiencelabs.com.br\/wp-json\/wp\/v2\/posts"}],"about":[{"href":"https:\/\/diariodepernambuco.audiencelabs.com.br\/wp-json\/wp\/v2\/types\/post"}],"author":[{"embeddable":true,"href":"https:\/\/diariodepernambuco.audiencelabs.com.br\/wp-json\/wp\/v2\/users\/4"}],"replies":[{"embeddable":true,"href":"https:\/\/diariodepernambuco.audiencelabs.com.br\/wp-json\/wp\/v2\/comments?post=3574"}],"version-history":[{"count":3,"href":"https:\/\/diariodepernambuco.audiencelabs.com.br\/wp-json\/wp\/v2\/posts\/3574\/revisions"}],"predecessor-version":[{"id":3578,"href":"https:\/\/diariodepernambuco.audiencelabs.com.br\/wp-json\/wp\/v2\/posts\/3574\/revisions\/3578"}],"wp:featuredmedia":[{"embeddable":true,"href":"https:\/\/diariodepernambuco.audiencelabs.com.br\/wp-json\/wp\/v2\/media\/3155"}],"wp:attachment":[{"href":"https:\/\/diariodepernambuco.audiencelabs.com.br\/wp-json\/wp\/v2\/media?parent=3574"}],"wp:term":[{"taxonomy":"category","embeddable":true,"href":"https:\/\/diariodepernambuco.audiencelabs.com.br\/wp-json\/wp\/v2\/categories?post=3574"},{"taxonomy":"post_tag","embeddable":true,"href":"https:\/\/diariodepernambuco.audiencelabs.com.br\/wp-json\/wp\/v2\/tags?post=3574"}],"curies":[{"name":"wp","href":"https:\/\/api.w.org\/{rel}","templated":true}]}}