{"id":3583,"date":"2025-09-15T14:00:00","date_gmt":"2025-09-15T17:00:00","guid":{"rendered":"https:\/\/diariodepernambuco.audiencelabs.com.br\/?p=3583"},"modified":"2025-09-13T15:08:35","modified_gmt":"2025-09-13T18:08:35","slug":"daqui-alguns-dias-inss-vai-liberar-um-bom-pagamento-para-milhares-de-brasileiros","status":"publish","type":"post","link":"https:\/\/diariodepernambuco.audiencelabs.com.br\/daqui-alguns-dias-inss-vai-liberar-um-bom-pagamento-para-milhares-de-brasileiros\/","title":{"rendered":"Daqui alguns dias, INSS vai liberar um bom pagamento para milhares de brasileiros"},"content":{"rendered":"\n<p>O pagamento de setembro de 2025 do INSS para aposentados, pensionistas e benefici\u00e1rios de aux\u00edlios ser\u00e1 realizado entre os dias 24 de setembro e 7 de outubro para aqueles que recebem at\u00e9 um sal\u00e1rio m\u00ednimo, de acordo com o calend\u00e1rio oficial divulgado pelo Instituto Nacional do Seguro Social.<\/p>\n\n\n\n<p>Atualmente, o INSS efetua mais de 40 milh\u00f5es de pagamentos por m\u00eas, sendo 28.279.547 para benefici\u00e1rios com remunera\u00e7\u00e3o at\u00e9 o piso nacional e 12.365.818 para aqueles que recebem acima desse valor. As datas de pagamento podem ser consultadas pelo n\u00famero final do cart\u00e3o do benef\u00edcio, desconsiderando o \u00faltimo d\u00edgito ap\u00f3s o tra\u00e7o.<\/p>\n\n\n\n<p>Para consultar o valor a receber, o segurado pode acessar o aplicativo Meu INSS ou o site meu.inss.gov.br. Quem n\u00e3o possui acesso \u00e0 internet pode ligar para a central telef\u00f4nica 135, informando o CPF e confirmando alguns dados cadastrais. O atendimento funciona de segunda a s\u00e1bado, das 7h \u00e0s 22h.<\/p>\n\n\n\n<p>\u00c9 importante que os benefici\u00e1rios fiquem atentos \u00e0s datas do calend\u00e1rio para evitar filas ou problemas no recebimento do pagamento. O INSS recomenda que os segurados mantenham seus dados atualizados, especialmente endere\u00e7o e telefone, garantindo que qualquer comunica\u00e7\u00e3o ou eventual ajuste seja realizado sem dificuldades.<\/p>\n\n\n\n<h2 class=\"wp-block-heading\">Calend\u00e1rio INSS \u2013 Setembro 2025<\/h2>\n\n\n\n<p><strong>Para quem recebe at\u00e9 1 sal\u00e1rio m\u00ednimo:<\/strong><\/p>\n\n\n\n<ul class=\"wp-block-list\">\n<li>Final 1 \u2192 24\/09<\/li>\n\n\n\n<li>Final 2 \u2192 25\/09<\/li>\n\n\n\n<li>Final 3 \u2192 26\/09<\/li>\n\n\n\n<li>Final 4 \u2192 29\/09<\/li>\n\n\n\n<li>Final 5 \u2192 30\/09<\/li>\n\n\n\n<li>Final 6 \u2192 01\/10<\/li>\n\n\n\n<li>Final 7 \u2192 02\/10<\/li>\n\n\n\n<li>Final 8 \u2192 03\/10<\/li>\n\n\n\n<li>Final 9 \u2192 06\/10<\/li>\n\n\n\n<li>Final 0 \u2192 07\/10<\/li>\n<\/ul>\n\n\n\n<p><strong>Para quem recebe acima de 1 sal\u00e1rio m\u00ednimo:<\/strong><\/p>\n\n\n\n<ul class=\"wp-block-list\">\n<li>Finais 1 e 6 \u2192 01\/10<\/li>\n\n\n\n<li>Finais 2 e 7 \u2192 02\/10<\/li>\n\n\n\n<li>Finais 3 e 8 \u2192 03\/10<\/li>\n\n\n\n<li>Finais 4 e 9 \u2192 06\/10<\/li>\n\n\n\n<li>Finais 5 e 0 \u2192 07\/10<\/li>\n<\/ul>\n\n\n\n<p><\/p>\n","protected":false},"excerpt":{"rendered":"<p>O pagamento de setembro de 2025 do INSS para aposentados, pensionistas e benefici\u00e1rios de aux\u00edlios ser\u00e1 realizado entre os dias 24 de setembro e 7 de outubro para aqueles que recebem at\u00e9 um sal\u00e1rio m\u00ednimo, de acordo com o calend\u00e1rio oficial divulgado pelo Instituto Nacional do Seguro Social. Atualmente, o INSS efetua mais de 40 [&hellip;]<\/p>\n","protected":false},"author":4,"featured_media":566,"comment_status":"open","ping_status":"open","sticky":false,"template":"","format":"standard","meta":{"jnews-multi-image_gallery":[],"jnews_single_post":{"format":"standard"},"jnews_primary_category":[],"jnews_social_meta":[],"jnews_post_split":[],"footnotes":""},"categories":[1],"tags":[],"class_list":["post-3583","post","type-post","status-publish","format-standard","has-post-thumbnail","hentry","category-uncategorized"],"_links":{"self":[{"href":"https:\/\/diariodepernambuco.audiencelabs.com.br\/wp-json\/wp\/v2\/posts\/3583","targetHints":{"allow":["GET"]}}],"collection":[{"href":"https:\/\/diariodepernambuco.audiencelabs.com.br\/wp-json\/wp\/v2\/posts"}],"about":[{"href":"https:\/\/diariodepernambuco.audiencelabs.com.br\/wp-json\/wp\/v2\/types\/post"}],"author":[{"embeddable":true,"href":"https:\/\/diariodepernambuco.audiencelabs.com.br\/wp-json\/wp\/v2\/users\/4"}],"replies":[{"embeddable":true,"href":"https:\/\/diariodepernambuco.audiencelabs.com.br\/wp-json\/wp\/v2\/comments?post=3583"}],"version-history":[{"count":2,"href":"https:\/\/diariodepernambuco.audiencelabs.com.br\/wp-json\/wp\/v2\/posts\/3583\/revisions"}],"predecessor-version":[{"id":3587,"href":"https:\/\/diariodepernambuco.audiencelabs.com.br\/wp-json\/wp\/v2\/posts\/3583\/revisions\/3587"}],"wp:featuredmedia":[{"embeddable":true,"href":"https:\/\/diariodepernambuco.audiencelabs.com.br\/wp-json\/wp\/v2\/media\/566"}],"wp:attachment":[{"href":"https:\/\/diariodepernambuco.audiencelabs.com.br\/wp-json\/wp\/v2\/media?parent=3583"}],"wp:term":[{"taxonomy":"category","embeddable":true,"href":"https:\/\/diariodepernambuco.audiencelabs.com.br\/wp-json\/wp\/v2\/categories?post=3583"},{"taxonomy":"post_tag","embeddable":true,"href":"https:\/\/diariodepernambuco.audiencelabs.com.br\/wp-json\/wp\/v2\/tags?post=3583"}],"curies":[{"name":"wp","href":"https:\/\/api.w.org\/{rel}","templated":true}]}}