{"id":3588,"date":"2025-09-15T15:00:00","date_gmt":"2025-09-15T18:00:00","guid":{"rendered":"https:\/\/diariodepernambuco.audiencelabs.com.br\/?p=3588"},"modified":"2025-09-13T15:20:03","modified_gmt":"2025-09-13T18:20:03","slug":"novas-regras-de-trabalho-vao-alterar-rotina-dos-brasileiros","status":"publish","type":"post","link":"https:\/\/diariodepernambuco.audiencelabs.com.br\/novas-regras-de-trabalho-vao-alterar-rotina-dos-brasileiros\/","title":{"rendered":"Novas regras de trabalho v\u00e3o alterar rotina dos brasileiros"},"content":{"rendered":"\n<p>O trabalho aos domingos e feriados no setor de com\u00e9rcio passar\u00e1 por uma nova regulamenta\u00e7\u00e3o. Segundo o Minist\u00e9rio do Trabalho e Emprego, a jornada dos comerci\u00e1rios nesses dias deve ser estabelecida por meio de Conven\u00e7\u00e3o Coletiva de Trabalho (CCT), exceto em casos de feiras livres.<\/p>\n\n\n\n<p>A medida tem como objetivo dar mais seguran\u00e7a jur\u00eddica aos trabalhadores e aos empregadores, garantindo que a abertura de lojas aos domingos e feriados seja previamente negociada e acordada entre as partes. Com a defini\u00e7\u00e3o por meio da CCT, poder\u00e3o ser estabelecidos hor\u00e1rios, compensa\u00e7\u00f5es financeiras e folgas alternativas, respeitando os direitos dos funcion\u00e1rios.<\/p>\n\n\n\n<p>Especialistas destacam que a regulamenta\u00e7\u00e3o tamb\u00e9m busca evitar abusos, oferecendo maior previsibilidade para a rotina dos trabalhadores do com\u00e9rcio, que muitas vezes precisavam se adaptar a mudan\u00e7as sem aviso pr\u00e9vio. As novas regras entram em vigor assim que as conven\u00e7\u00f5es coletivas forem atualizadas e assinadas pelos sindicatos representativos.<\/p>\n\n\n\n<p>Al\u00e9m disso, a medida permite que os sindicatos negociem condi\u00e7\u00f5es espec\u00edficas para diferentes tipos de estabelecimentos, considerando a demanda do com\u00e9rcio e as necessidades dos trabalhadores. Isso inclui defini\u00e7\u00f5es sobre pagamento de adicional por trabalho em domingos e feriados, per\u00edodos de descanso e possibilidade de escalas rotativas.<\/p>\n\n\n\n<h2 class=\"wp-block-heading\">Tudo sobre a nova regulamenta\u00e7\u00e3o<\/h2>\n\n\n\n<ul class=\"wp-block-list\">\n<li>Nova regulamenta\u00e7\u00e3o: O trabalho aos domingos e feriados no com\u00e9rcio passar\u00e1 a ser definido por Conven\u00e7\u00e3o Coletiva de Trabalho (CCT).<\/li>\n<\/ul>\n\n\n\n<ul class=\"wp-block-list\">\n<li>Exce\u00e7\u00f5es: Feiras livres n\u00e3o est\u00e3o inclu\u00eddas na regra.<\/li>\n<\/ul>\n\n\n\n<ul class=\"wp-block-list\">\n<li>Objetivo: Garantir maior seguran\u00e7a jur\u00eddica para trabalhadores e empregadores, evitando abusos e conflitos trabalhistas.<\/li>\n<\/ul>\n\n\n\n<ul class=\"wp-block-list\">\n<li>Direitos dos trabalhadores: A CCT poder\u00e1 definir hor\u00e1rios, escalas rotativas, compensa\u00e7\u00f5es financeiras e folgas alternativas.<\/li>\n<\/ul>\n\n\n\n<ul class=\"wp-block-list\">\n<li>Flexibilidade: Sindicatos podem negociar condi\u00e7\u00f5es espec\u00edficas para diferentes tipos de estabelecimentos.<\/li>\n<\/ul>\n\n\n\n<ul class=\"wp-block-list\">\n<li>Benef\u00edcios para empregadores: Maior seguran\u00e7a jur\u00eddica e previsibilidade na opera\u00e7\u00e3o do com\u00e9rcio nos dias de folga.<\/li>\n<\/ul>\n\n\n\n<ul class=\"wp-block-list\">\n<li>Benef\u00edcios para trabalhadores: Mais previsibilidade, prote\u00e7\u00e3o de direitos e equil\u00edbrio entre rotina de trabalho e qualidade de vida.<\/li>\n<\/ul>\n\n\n\n<p><\/p>\n","protected":false},"excerpt":{"rendered":"<p>O trabalho aos domingos e feriados no setor de com\u00e9rcio passar\u00e1 por uma nova regulamenta\u00e7\u00e3o. Segundo o Minist\u00e9rio do Trabalho e Emprego, a jornada dos comerci\u00e1rios nesses dias deve ser estabelecida por meio de Conven\u00e7\u00e3o Coletiva de Trabalho (CCT), exceto em casos de feiras livres. A medida tem como objetivo dar mais seguran\u00e7a jur\u00eddica aos [&hellip;]<\/p>\n","protected":false},"author":4,"featured_media":3590,"comment_status":"open","ping_status":"open","sticky":false,"template":"","format":"standard","meta":{"jnews-multi-image_gallery":[],"jnews_single_post":{"format":"standard"},"jnews_primary_category":[],"jnews_social_meta":[],"jnews_post_split":[],"footnotes":""},"categories":[1],"tags":[],"class_list":["post-3588","post","type-post","status-publish","format-standard","has-post-thumbnail","hentry","category-uncategorized"],"_links":{"self":[{"href":"https:\/\/diariodepernambuco.audiencelabs.com.br\/wp-json\/wp\/v2\/posts\/3588","targetHints":{"allow":["GET"]}}],"collection":[{"href":"https:\/\/diariodepernambuco.audiencelabs.com.br\/wp-json\/wp\/v2\/posts"}],"about":[{"href":"https:\/\/diariodepernambuco.audiencelabs.com.br\/wp-json\/wp\/v2\/types\/post"}],"author":[{"embeddable":true,"href":"https:\/\/diariodepernambuco.audiencelabs.com.br\/wp-json\/wp\/v2\/users\/4"}],"replies":[{"embeddable":true,"href":"https:\/\/diariodepernambuco.audiencelabs.com.br\/wp-json\/wp\/v2\/comments?post=3588"}],"version-history":[{"count":2,"href":"https:\/\/diariodepernambuco.audiencelabs.com.br\/wp-json\/wp\/v2\/posts\/3588\/revisions"}],"predecessor-version":[{"id":3592,"href":"https:\/\/diariodepernambuco.audiencelabs.com.br\/wp-json\/wp\/v2\/posts\/3588\/revisions\/3592"}],"wp:featuredmedia":[{"embeddable":true,"href":"https:\/\/diariodepernambuco.audiencelabs.com.br\/wp-json\/wp\/v2\/media\/3590"}],"wp:attachment":[{"href":"https:\/\/diariodepernambuco.audiencelabs.com.br\/wp-json\/wp\/v2\/media?parent=3588"}],"wp:term":[{"taxonomy":"category","embeddable":true,"href":"https:\/\/diariodepernambuco.audiencelabs.com.br\/wp-json\/wp\/v2\/categories?post=3588"},{"taxonomy":"post_tag","embeddable":true,"href":"https:\/\/diariodepernambuco.audiencelabs.com.br\/wp-json\/wp\/v2\/tags?post=3588"}],"curies":[{"name":"wp","href":"https:\/\/api.w.org\/{rel}","templated":true}]}}