{"id":3593,"date":"2025-09-15T15:30:00","date_gmt":"2025-09-15T18:30:00","guid":{"rendered":"https:\/\/diariodepernambuco.audiencelabs.com.br\/?p=3593"},"modified":"2025-09-13T18:51:15","modified_gmt":"2025-09-13T21:51:15","slug":"o-que-muda-nas-eleicoes-apos-a-condenacao-de-bolsonaro","status":"publish","type":"post","link":"https:\/\/diariodepernambuco.audiencelabs.com.br\/o-que-muda-nas-eleicoes-apos-a-condenacao-de-bolsonaro\/","title":{"rendered":"O que muda nas elei\u00e7\u00f5es ap\u00f3s a condena\u00e7\u00e3o de Bolsonaro?"},"content":{"rendered":"\n<p><a href=\"https:\/\/www.diariodepernambuco.com.br\/politica\/2025\/09\/11695608-bolsonaro-e-condenado-a-27-anos-e-3-meses-de-prisao-regime-inicial-sera-fechado.html\" data-type=\"link\" data-id=\"https:\/\/www.diariodepernambuco.com.br\/politica\/2025\/09\/11695608-bolsonaro-e-condenado-a-27-anos-e-3-meses-de-prisao-regime-inicial-sera-fechado.html\" target=\"_blank\" rel=\"noopener\">A recente condena\u00e7\u00e3o de Jair Bolsonaro<\/a> trouxe novas incertezas e debates sobre o cen\u00e1rio pol\u00edtico e eleitoral no Brasil. Com impactos diretos e indiretos sobre candidaturas, estrat\u00e9gias partid\u00e1rias e o comportamento dos eleitores, a decis\u00e3o da Primeira Turma do Superior Tribunal Federal (STF) promete influenciar a disputa pelas pr\u00f3ximas elei\u00e7\u00f5es.<\/p>\n\n\n\n<p>Antes mesmo de ser condenado por trama golpista, Bolsonaro j\u00e1 estava ineleg\u00edvel, o que significa que ele n\u00e3o poder\u00e1 disputar cargos eletivos durante o per\u00edodo determinado pela Justi\u00e7a. Essa decis\u00e3o abre espa\u00e7o para a reorganiza\u00e7\u00e3o da direita e dos partidos aliados, que precisar\u00e3o buscar novas lideran\u00e7as capazes de herdar sua base de apoio.<\/p>\n\n\n\n<p>Nomes como o da ex-primeira dama Michelle Bolsonaro e de governadores alinhados ao ex-presidente j\u00e1 s\u00e3o cogitados como poss\u00edveis alternativas para manter a for\u00e7a do seu grupo pol\u00edtico. Deles, quem tem se colocado como favorito nas pesquisas \u00e9 Tarc\u00edsio de Freitas (Republicanos), atual governador de S\u00e3o Paulo.<\/p>\n\n\n\n<p>Outras possibilidades s\u00e3o Romeu Zema (Novo, governador de Minas Gerais) e Ronaldo Caiado (Uni\u00e3o Brasil, governador de Goi\u00e1s), com ambos j\u00e1 anunciando pr\u00e9-candidaturas. Ratinho J\u00fanior (PSD, governador do Paran\u00e1) \u00e9 outro nome da oposi\u00e7\u00e3o que tem sido apontado com for\u00e7a. J\u00e1 Luiz In\u00e1cio Lula da Silva (PT, atual presidente) ser\u00e1 o grande nome da esquerda na disputa.<\/p>\n\n\n\n<h2 class=\"wp-block-heading\">Quem foi condenado ao lado de Jair Bolsonaro?<\/h2>\n\n\n\n<ul class=\"wp-block-list\">\n<li>Alexandre Ramagem, ex-diretor da Ag\u00eancia Brasileira de Intelig\u00eancia (Abin).<\/li>\n\n\n\n<li>Almir Garnier, ex-comandante da Marinha.<\/li>\n\n\n\n<li>Anderson Torres, ex-ministro da Justi\u00e7a e ex-secret\u00e1rio de Seguran\u00e7a do Distrito Federal.<\/li>\n\n\n\n<li>Augusto Heleno, ex-ministro do Gabinete de Seguran\u00e7a Institucional.<\/li>\n\n\n\n<li>Mauro Cid, ex-ajudante de ordens da Presid\u00eancia e delator da trama golpista.<\/li>\n\n\n\n<li>Paulo S\u00e9rgio Nogueira, ex-ministro da Defesa.<\/li>\n\n\n\n<li>Walter Souza Braga Netto, ex-ministro da Casa Civil.<\/li>\n<\/ul>\n","protected":false},"excerpt":{"rendered":"<p>A recente condena\u00e7\u00e3o de Jair Bolsonaro trouxe novas incertezas e debates sobre o cen\u00e1rio pol\u00edtico e eleitoral no Brasil. Com impactos diretos e indiretos sobre candidaturas, estrat\u00e9gias partid\u00e1rias e o comportamento dos eleitores, a decis\u00e3o da Primeira Turma do Superior Tribunal Federal (STF) promete influenciar a disputa pelas pr\u00f3ximas elei\u00e7\u00f5es. Antes mesmo de ser condenado [&hellip;]<\/p>\n","protected":false},"author":4,"featured_media":3419,"comment_status":"open","ping_status":"open","sticky":false,"template":"","format":"standard","meta":{"jnews-multi-image_gallery":[],"jnews_single_post":{"format":"standard"},"jnews_primary_category":[],"jnews_social_meta":[],"jnews_post_split":[],"footnotes":""},"categories":[1],"tags":[],"class_list":["post-3593","post","type-post","status-publish","format-standard","has-post-thumbnail","hentry","category-uncategorized"],"_links":{"self":[{"href":"https:\/\/diariodepernambuco.audiencelabs.com.br\/wp-json\/wp\/v2\/posts\/3593","targetHints":{"allow":["GET"]}}],"collection":[{"href":"https:\/\/diariodepernambuco.audiencelabs.com.br\/wp-json\/wp\/v2\/posts"}],"about":[{"href":"https:\/\/diariodepernambuco.audiencelabs.com.br\/wp-json\/wp\/v2\/types\/post"}],"author":[{"embeddable":true,"href":"https:\/\/diariodepernambuco.audiencelabs.com.br\/wp-json\/wp\/v2\/users\/4"}],"replies":[{"embeddable":true,"href":"https:\/\/diariodepernambuco.audiencelabs.com.br\/wp-json\/wp\/v2\/comments?post=3593"}],"version-history":[{"count":3,"href":"https:\/\/diariodepernambuco.audiencelabs.com.br\/wp-json\/wp\/v2\/posts\/3593\/revisions"}],"predecessor-version":[{"id":3596,"href":"https:\/\/diariodepernambuco.audiencelabs.com.br\/wp-json\/wp\/v2\/posts\/3593\/revisions\/3596"}],"wp:featuredmedia":[{"embeddable":true,"href":"https:\/\/diariodepernambuco.audiencelabs.com.br\/wp-json\/wp\/v2\/media\/3419"}],"wp:attachment":[{"href":"https:\/\/diariodepernambuco.audiencelabs.com.br\/wp-json\/wp\/v2\/media?parent=3593"}],"wp:term":[{"taxonomy":"category","embeddable":true,"href":"https:\/\/diariodepernambuco.audiencelabs.com.br\/wp-json\/wp\/v2\/categories?post=3593"},{"taxonomy":"post_tag","embeddable":true,"href":"https:\/\/diariodepernambuco.audiencelabs.com.br\/wp-json\/wp\/v2\/tags?post=3593"}],"curies":[{"name":"wp","href":"https:\/\/api.w.org\/{rel}","templated":true}]}}