{"id":3597,"date":"2025-09-15T16:30:00","date_gmt":"2025-09-15T19:30:00","guid":{"rendered":"https:\/\/diariodepernambuco.audiencelabs.com.br\/?p=3597"},"modified":"2025-09-13T19:49:36","modified_gmt":"2025-09-13T22:49:36","slug":"ex-funcionario-do-itau-solta-o-verbo-sobre-a-empresa-apos-demissao","status":"publish","type":"post","link":"https:\/\/diariodepernambuco.audiencelabs.com.br\/ex-funcionario-do-itau-solta-o-verbo-sobre-a-empresa-apos-demissao\/","title":{"rendered":"Ex-funcion\u00e1rio do Ita\u00fa solta o verbo sobre a empresa ap\u00f3s demiss\u00e3o"},"content":{"rendered":"\n<p>Marcos (nome fict\u00edcio) atuou por quase dez anos na \u00e1rea de tecnologia do Ita\u00fa, per\u00edodo em que chegou a ser promovido e reconhecido com pr\u00eamios de desempenho. Mesmo assim, na \u00faltima semana acabou demitido sob a justificativa de baixa produtividade no regime de home office. Quando recebeu a not\u00edcia, n\u00e3o foi exatamente uma surpresa.<\/p>\n\n\n\n<p>Ele tinha acabado de ser informado sobre a demiss\u00e3o de um colega quando seu coordenador questionou quando iria ao escrit\u00f3rio \u2014 Marcos atuava em regime h\u00edbrido e comparecia apenas esporadicamente. Ao chegar, foi conduzido a uma sala diferente da usual, onde recebeu a not\u00edcia do desligamento. \u00c0 BBC News Brasil, pediu que seu nome verdadeiro fosse preservado.<\/p>\n\n\n\n<p>Segundo seu supervisor, o motivo oficial foi \u201cbaixa produtividade no home office, associada ao tempo de tela\u201d. Marcos integrou a lista de cortes realizados pelo banco, medida que levou o Sindicato dos Banc\u00e1rios de S\u00e3o Paulo, Osasco e Regi\u00e3o a se mobilizar. Embora o Ita\u00fa n\u00e3o revele o n\u00famero exato de desligamentos, o sindicato estima que ao menos 1 mil trabalhadores tenham sido demitidos.<\/p>\n\n\n\n<p>&#8220;J\u00e1 trabalhei em final de semana, mais de sete dias seguidos. Isso nos \u00faltimos seis meses. Mesmo assim, foi alegado que eu tinha baixa produtividade.V\u00e1rias vezes almocei na frente do computador porque n\u00e3o podia parar naquele momento, depois tirei minha pausa do almo\u00e7o mais tarde. Mesmo assim, isso n\u00e3o foi visto&#8221;, disse o agora ex-funcion\u00e1rio do Ita\u00fa.<\/p>\n\n\n\n<p>Em nota, o Ita\u00fa afirmou que &#8220;em alguns casos, foram identificados padr\u00f5es incompat\u00edveis com nossos princ\u00edpios de confian\u00e7a, que s\u00e3o inegoci\u00e1veis para o banco&#8221;. A empresa levou em conta fatores como o uso de mouse e teclado, a utiliza\u00e7\u00e3o de softwares licenciados, a participa\u00e7\u00e3o em chamadas de v\u00eddeo, o envio de mensagens, a realiza\u00e7\u00e3o de cursos a dist\u00e2ncia, entre outras m\u00e9tricas.<\/p>\n","protected":false},"excerpt":{"rendered":"<p>Marcos (nome fict\u00edcio) atuou por quase dez anos na \u00e1rea de tecnologia do Ita\u00fa, per\u00edodo em que chegou a ser promovido e reconhecido com pr\u00eamios de desempenho. Mesmo assim, na \u00faltima semana acabou demitido sob a justificativa de baixa produtividade no regime de home office. Quando recebeu a not\u00edcia, n\u00e3o foi exatamente uma surpresa. Ele [&hellip;]<\/p>\n","protected":false},"author":4,"featured_media":3599,"comment_status":"open","ping_status":"open","sticky":false,"template":"","format":"standard","meta":{"jnews-multi-image_gallery":[],"jnews_single_post":{"format":"standard"},"jnews_primary_category":[],"jnews_social_meta":[],"jnews_post_split":[],"footnotes":""},"categories":[1],"tags":[],"class_list":["post-3597","post","type-post","status-publish","format-standard","has-post-thumbnail","hentry","category-uncategorized"],"_links":{"self":[{"href":"https:\/\/diariodepernambuco.audiencelabs.com.br\/wp-json\/wp\/v2\/posts\/3597","targetHints":{"allow":["GET"]}}],"collection":[{"href":"https:\/\/diariodepernambuco.audiencelabs.com.br\/wp-json\/wp\/v2\/posts"}],"about":[{"href":"https:\/\/diariodepernambuco.audiencelabs.com.br\/wp-json\/wp\/v2\/types\/post"}],"author":[{"embeddable":true,"href":"https:\/\/diariodepernambuco.audiencelabs.com.br\/wp-json\/wp\/v2\/users\/4"}],"replies":[{"embeddable":true,"href":"https:\/\/diariodepernambuco.audiencelabs.com.br\/wp-json\/wp\/v2\/comments?post=3597"}],"version-history":[{"count":2,"href":"https:\/\/diariodepernambuco.audiencelabs.com.br\/wp-json\/wp\/v2\/posts\/3597\/revisions"}],"predecessor-version":[{"id":3601,"href":"https:\/\/diariodepernambuco.audiencelabs.com.br\/wp-json\/wp\/v2\/posts\/3597\/revisions\/3601"}],"wp:featuredmedia":[{"embeddable":true,"href":"https:\/\/diariodepernambuco.audiencelabs.com.br\/wp-json\/wp\/v2\/media\/3599"}],"wp:attachment":[{"href":"https:\/\/diariodepernambuco.audiencelabs.com.br\/wp-json\/wp\/v2\/media?parent=3597"}],"wp:term":[{"taxonomy":"category","embeddable":true,"href":"https:\/\/diariodepernambuco.audiencelabs.com.br\/wp-json\/wp\/v2\/categories?post=3597"},{"taxonomy":"post_tag","embeddable":true,"href":"https:\/\/diariodepernambuco.audiencelabs.com.br\/wp-json\/wp\/v2\/tags?post=3597"}],"curies":[{"name":"wp","href":"https:\/\/api.w.org\/{rel}","templated":true}]}}