{"id":3602,"date":"2025-09-15T17:30:00","date_gmt":"2025-09-15T20:30:00","guid":{"rendered":"https:\/\/diariodepernambuco.audiencelabs.com.br\/?p=3602"},"modified":"2025-09-13T19:54:17","modified_gmt":"2025-09-13T22:54:17","slug":"brasileiros-que-usam-uber-recebem-pessima-noticia-sobre-o-aplicativo","status":"publish","type":"post","link":"https:\/\/diariodepernambuco.audiencelabs.com.br\/brasileiros-que-usam-uber-recebem-pessima-noticia-sobre-o-aplicativo\/","title":{"rendered":"Brasileiros que usam Uber recebem p\u00e9ssima not\u00edcia sobre o aplicativo"},"content":{"rendered":"\n<p>A recente altera\u00e7\u00e3o na pol\u00edtica da Uber, que agora permite at\u00e9 quatro passageiros por corrida, incluindo a utiliza\u00e7\u00e3o do banco da frente, trouxe novos desafios para motoristas e usu\u00e1rios. Embora tenha sido anunciada como uma forma de flexibilizar o servi\u00e7o e atender melhor grupos, a mudan\u00e7a tem provocado insatisfa\u00e7\u00e3o na pr\u00e1tica, marcada por relatos de cancelamentos constantes.<\/p>\n\n\n\n<p>Quando a Uber anunciou a flexibiliza\u00e7\u00e3o, muitos passageiros receberam a novidade com entusiasmo. A ideia de dividir a corrida entre quatro pessoas prometia reduzir os custos individuais e facilitar o deslocamento de grupos maiores. Por\u00e9m, a pr\u00e1tica mostrou-se bem mais complicada.<\/p>\n\n\n\n<p>Relatos frequentes apontam que motoristas se recusam a aceitar quatro passageiros, principalmente quando \u00e9 necess\u00e1rio ocupar o banco da frente. Em alguns casos, h\u00e1 at\u00e9 cobran\u00e7as extras pelo quarto passageiro \u2014 algo n\u00e3o permitido pela plataforma. Essa falta de padroniza\u00e7\u00e3o cria inseguran\u00e7a para os usu\u00e1rios, que acabam enfrentando regras diferentes a cada corrida.<\/p>\n\n\n\n<p>A aus\u00eancia de padroniza\u00e7\u00e3o no atendimento refor\u00e7a a sensa\u00e7\u00e3o de desorganiza\u00e7\u00e3o e falta de transpar\u00eancia nos servi\u00e7os de transporte por aplicativo. Usu\u00e1rios relatam que, mesmo pagando pelo servi\u00e7o, n\u00e3o h\u00e1 garantias de que todos os membros do grupo conseguir\u00e3o viajar juntos sem enfrentar problemas.<\/p>\n\n\n\n<h2 class=\"wp-block-heading\">Um resumo sobre a mudan\u00e7a da Uber<\/h2>\n\n\n\n<ul class=\"wp-block-list\">\n<li>Mudan\u00e7a na Uber: Desde novembro de 2024, a Uber permite transportar at\u00e9 quatro passageiros por corrida, incluindo o banco dianteiro.<\/li>\n<\/ul>\n\n\n\n<ul class=\"wp-block-list\">\n<li>Objetivo da medida: Aumentar a flexibilidade do servi\u00e7o e atender \u00e0 demanda de viagens em grupo.<\/li>\n<\/ul>\n\n\n\n<ul class=\"wp-block-list\">\n<li>Impacto para motoristas: Possibilidade de ganhar mais por corrida, especialmente em trajetos longos ou hor\u00e1rios de pico.<\/li>\n<\/ul>\n\n\n\n<ul class=\"wp-block-list\">\n<li>Preocupa\u00e7\u00f5es: Alguns motoristas apontam riscos de seguran\u00e7a e desconforto em carros compactos.<\/li>\n<\/ul>\n\n\n\n<ul class=\"wp-block-list\">\n<li>Medidas de seguran\u00e7a: Uber recomenda avalia\u00e7\u00e3o m\u00fatua, compartilhamento de localiza\u00e7\u00e3o e op\u00e7\u00e3o de recusar corridas.<\/li>\n<\/ul>\n\n\n\n<ul class=\"wp-block-list\">\n<li>Concorr\u00eancia: A 99 mant\u00e9m o limite de tr\u00eas passageiros por corrida, sem uso do banco dianteiro, gerando regras diferentes para usu\u00e1rios.<\/li>\n<\/ul>\n\n\n\n<p><\/p>\n","protected":false},"excerpt":{"rendered":"<p>A recente altera\u00e7\u00e3o na pol\u00edtica da Uber, que agora permite at\u00e9 quatro passageiros por corrida, incluindo a utiliza\u00e7\u00e3o do banco da frente, trouxe novos desafios para motoristas e usu\u00e1rios. Embora tenha sido anunciada como uma forma de flexibilizar o servi\u00e7o e atender melhor grupos, a mudan\u00e7a tem provocado insatisfa\u00e7\u00e3o na pr\u00e1tica, marcada por relatos de [&hellip;]<\/p>\n","protected":false},"author":4,"featured_media":857,"comment_status":"open","ping_status":"open","sticky":false,"template":"","format":"standard","meta":{"jnews-multi-image_gallery":[],"jnews_single_post":{"format":"standard"},"jnews_primary_category":[],"jnews_social_meta":[],"jnews_post_split":[],"footnotes":""},"categories":[1],"tags":[],"class_list":["post-3602","post","type-post","status-publish","format-standard","has-post-thumbnail","hentry","category-uncategorized"],"_links":{"self":[{"href":"https:\/\/diariodepernambuco.audiencelabs.com.br\/wp-json\/wp\/v2\/posts\/3602","targetHints":{"allow":["GET"]}}],"collection":[{"href":"https:\/\/diariodepernambuco.audiencelabs.com.br\/wp-json\/wp\/v2\/posts"}],"about":[{"href":"https:\/\/diariodepernambuco.audiencelabs.com.br\/wp-json\/wp\/v2\/types\/post"}],"author":[{"embeddable":true,"href":"https:\/\/diariodepernambuco.audiencelabs.com.br\/wp-json\/wp\/v2\/users\/4"}],"replies":[{"embeddable":true,"href":"https:\/\/diariodepernambuco.audiencelabs.com.br\/wp-json\/wp\/v2\/comments?post=3602"}],"version-history":[{"count":3,"href":"https:\/\/diariodepernambuco.audiencelabs.com.br\/wp-json\/wp\/v2\/posts\/3602\/revisions"}],"predecessor-version":[{"id":3606,"href":"https:\/\/diariodepernambuco.audiencelabs.com.br\/wp-json\/wp\/v2\/posts\/3602\/revisions\/3606"}],"wp:featuredmedia":[{"embeddable":true,"href":"https:\/\/diariodepernambuco.audiencelabs.com.br\/wp-json\/wp\/v2\/media\/857"}],"wp:attachment":[{"href":"https:\/\/diariodepernambuco.audiencelabs.com.br\/wp-json\/wp\/v2\/media?parent=3602"}],"wp:term":[{"taxonomy":"category","embeddable":true,"href":"https:\/\/diariodepernambuco.audiencelabs.com.br\/wp-json\/wp\/v2\/categories?post=3602"},{"taxonomy":"post_tag","embeddable":true,"href":"https:\/\/diariodepernambuco.audiencelabs.com.br\/wp-json\/wp\/v2\/tags?post=3602"}],"curies":[{"name":"wp","href":"https:\/\/api.w.org\/{rel}","templated":true}]}}