{"id":3615,"date":"2025-09-15T20:00:00","date_gmt":"2025-09-15T23:00:00","guid":{"rendered":"https:\/\/diariodepernambuco.audiencelabs.com.br\/?p=3615"},"modified":"2025-09-13T20:37:03","modified_gmt":"2025-09-13T23:37:03","slug":"flamengo-pode-ser-desclassificado-da-libertadores-2025","status":"publish","type":"post","link":"https:\/\/diariodepernambuco.audiencelabs.com.br\/flamengo-pode-ser-desclassificado-da-libertadores-2025\/","title":{"rendered":"Flamengo pode ser desclassificado da Libertadores 2025"},"content":{"rendered":"\n<p>L\u00edder isolado do Campeonato Brasileiro, o Flamengo agora volta suas aten\u00e7\u00f5es para a disputa da Copa Libertadores da Am\u00e9rica. Tricampe\u00e3o da competi\u00e7\u00e3o e sonhando em se tornar o primeiro clube brasileiro a se tornar tetra do principal torneio sul-americano, o time comandado pelo t\u00e9cnico Filipe Lu\u00eds enfrentar\u00e1 o Estudiantes, da Argentina, por uma vaga nas semifinais.<\/p>\n\n\n\n<p>O duelo de ida, que acontecer\u00e1 no Est\u00e1dio do Maracan\u00e3, est\u00e1 marcado para \u00e0s 21h30 (de Bras\u00edlia) da pr\u00f3xima quinta-feira (18). E \u00e9 bom Filipe Lu\u00eds e companhia abrirem o olho para al\u00e9m do advers\u00e1rio argentino. Isto porque a Conmebol j\u00e1 emitiu novo aviso para que o clube evite atrasos, sob risco de puni\u00e7\u00f5es severas, que podem at\u00e9 gerar desclassifica\u00e7\u00e3o em casos extremos.<\/p>\n\n\n\n<p>Nos \u00faltimos anos, o Flamengo acumulou multas devido ao atraso no in\u00edcio de partidas, frequentemente causado pelas festas da torcida no Maracan\u00e3. Agora, a Conmebol anuncia que adotar\u00e1 uma postura mais rigorosa. Segundo a entidade, os atrasos comprometem o cronograma de transmiss\u00f5es internacionais e prejudicam o andamento da competi\u00e7\u00e3o.<\/p>\n\n\n\n<p>Campe\u00e3o em 1981, 2019 e 2022, o Flamengo eliminou o Internacional nas oitavas de final com duas vit\u00f3rias: 1 a 0 no Rio de Janeiro e 2 a 0 em Porto Alegre. Antes, o Rubro-Negro foi o segundo colocado do Grupo C com 11 pontos conquistados.<\/p>\n\n\n\n<h2 class=\"wp-block-heading\">Os clubes brasileiros campe\u00f5es da Libertadores<\/h2>\n\n\n\n<p><strong>3 t\u00edtulos:<\/strong><\/p>\n\n\n\n<ul class=\"wp-block-list\">\n<li>S\u00e3o Paulo \u2013 1992, 1993 e 2005<\/li>\n\n\n\n<li>Santos \u2013 1962, 1963 e 2011<\/li>\n\n\n\n<li>Gr\u00eamio \u2013 1983, 1995 e 2017<\/li>\n\n\n\n<li>Palmeiras \u2013 1999, 2020 e 2021<\/li>\n\n\n\n<li>Flamengo \u2013 1981, 2019 e 2022<\/li>\n<\/ul>\n\n\n\n<p><strong>2 t\u00edtulos:<\/strong><\/p>\n\n\n\n<ul class=\"wp-block-list\">\n<li>Cruzeiro \u2013 1976 e 1997<\/li>\n\n\n\n<li>Internacional \u2013 2006 e 2010<\/li>\n<\/ul>\n\n\n\n<p><strong>1 t\u00edtulo:<\/strong><\/p>\n\n\n\n<ul class=\"wp-block-list\">\n<li>Vasco da Gama \u2013 1998<\/li>\n\n\n\n<li>Corinthians \u2013 2012<\/li>\n\n\n\n<li>Atl\u00e9tico Mineiro \u2013 2013<\/li>\n\n\n\n<li>Fluminense \u2013 2023<\/li>\n\n\n\n<li>Botafogo \u2013 2024<\/li>\n<\/ul>\n\n\n\n<p><\/p>\n","protected":false},"excerpt":{"rendered":"<p>L\u00edder isolado do Campeonato Brasileiro, o Flamengo agora volta suas aten\u00e7\u00f5es para a disputa da Copa Libertadores da Am\u00e9rica. Tricampe\u00e3o da competi\u00e7\u00e3o e sonhando em se tornar o primeiro clube brasileiro a se tornar tetra do principal torneio sul-americano, o time comandado pelo t\u00e9cnico Filipe Lu\u00eds enfrentar\u00e1 o Estudiantes, da Argentina, por uma vaga nas [&hellip;]<\/p>\n","protected":false},"author":4,"featured_media":3617,"comment_status":"open","ping_status":"open","sticky":false,"template":"","format":"standard","meta":{"jnews-multi-image_gallery":[],"jnews_single_post":[],"jnews_primary_category":[],"jnews_social_meta":[],"jnews_post_split":[],"footnotes":""},"categories":[1],"tags":[],"class_list":["post-3615","post","type-post","status-publish","format-standard","has-post-thumbnail","hentry","category-uncategorized"],"_links":{"self":[{"href":"https:\/\/diariodepernambuco.audiencelabs.com.br\/wp-json\/wp\/v2\/posts\/3615","targetHints":{"allow":["GET"]}}],"collection":[{"href":"https:\/\/diariodepernambuco.audiencelabs.com.br\/wp-json\/wp\/v2\/posts"}],"about":[{"href":"https:\/\/diariodepernambuco.audiencelabs.com.br\/wp-json\/wp\/v2\/types\/post"}],"author":[{"embeddable":true,"href":"https:\/\/diariodepernambuco.audiencelabs.com.br\/wp-json\/wp\/v2\/users\/4"}],"replies":[{"embeddable":true,"href":"https:\/\/diariodepernambuco.audiencelabs.com.br\/wp-json\/wp\/v2\/comments?post=3615"}],"version-history":[{"count":2,"href":"https:\/\/diariodepernambuco.audiencelabs.com.br\/wp-json\/wp\/v2\/posts\/3615\/revisions"}],"predecessor-version":[{"id":3618,"href":"https:\/\/diariodepernambuco.audiencelabs.com.br\/wp-json\/wp\/v2\/posts\/3615\/revisions\/3618"}],"wp:featuredmedia":[{"embeddable":true,"href":"https:\/\/diariodepernambuco.audiencelabs.com.br\/wp-json\/wp\/v2\/media\/3617"}],"wp:attachment":[{"href":"https:\/\/diariodepernambuco.audiencelabs.com.br\/wp-json\/wp\/v2\/media?parent=3615"}],"wp:term":[{"taxonomy":"category","embeddable":true,"href":"https:\/\/diariodepernambuco.audiencelabs.com.br\/wp-json\/wp\/v2\/categories?post=3615"},{"taxonomy":"post_tag","embeddable":true,"href":"https:\/\/diariodepernambuco.audiencelabs.com.br\/wp-json\/wp\/v2\/tags?post=3615"}],"curies":[{"name":"wp","href":"https:\/\/api.w.org\/{rel}","templated":true}]}}