{"id":3631,"date":"2025-09-16T09:30:00","date_gmt":"2025-09-16T12:30:00","guid":{"rendered":"https:\/\/diariodepernambuco.audiencelabs.com.br\/?p=3631"},"modified":"2025-09-15T10:41:38","modified_gmt":"2025-09-15T13:41:38","slug":"donald-trump-ja-tem-data-para-deixar-a-presidencia-dos-eua","status":"publish","type":"post","link":"https:\/\/diariodepernambuco.audiencelabs.com.br\/donald-trump-ja-tem-data-para-deixar-a-presidencia-dos-eua\/","title":{"rendered":"Donald Trump j\u00e1 tem data para deixar a presid\u00eancia dos EUA"},"content":{"rendered":"\n<p>O segundo mandato de Donald Trump na presid\u00eancia dos Estados Unidos teve in\u00edcio em 20 de janeiro de 2025 e se encerrar\u00e1 em 20 de janeiro de 2029. Reeleito ap\u00f3s derrotar Joe Biden nas elei\u00e7\u00f5es de 2024, Trump tornou-se o segundo presidente da hist\u00f3ria do pa\u00eds a ocupar o cargo em dois per\u00edodos n\u00e3o consecutivos \u2014 feito registrado anteriormente apenas por Grover Cleveland, no fim do s\u00e9culo XIX.<\/p>\n\n\n\n<p>De acordo com a 22\u00aa Emenda da Constitui\u00e7\u00e3o dos Estados Unidos, aprovada em 1951, nenhum presidente pode ser eleito para mais de dois mandatos. A medida foi estabelecida ap\u00f3s Franklin D. Roosevelt ter conquistado quatro elei\u00e7\u00f5es presidenciais. Embora ele tenha falecido no in\u00edcio de seu quarto mandato, a experi\u00eancia motivou o Congresso a instituir um limite formal de reelei\u00e7\u00f5es.<\/p>\n\n\n\n<p>A regra \u00e9 objetiva: mesmo que os mandatos n\u00e3o sejam consecutivos, como ocorre com Trump, n\u00e3o \u00e9 permitido concorrer novamente ap\u00f3s completar dois ciclos presidenciais. Isso implica que, a menos que haja uma mudan\u00e7a constitucional extremamente improv\u00e1vel, Trump est\u00e1 legalmente impedido de disputar as elei\u00e7\u00f5es de 2028.<\/p>\n\n\n\n<p>Mesmo assim, Trump tem demonstrado publicamente interesse em buscar maneiras de manter sua influ\u00eancia ou at\u00e9 retornar ao poder. Em entrevista \u00e0 NBC, ele declarou que \u201cn\u00e3o estava brincando\u201d ao mencionar a possibilidade de um terceiro mandato e afirmou que \u201cexistem formas de isso acontecer\u201d.<\/p>\n\n\n\n<h2 class=\"wp-block-heading\">Trump pode utilizar &#8220;manobra&#8221; para permanecer<\/h2>\n\n\n\n<p>Uma das especula\u00e7\u00f5es entre apoiadores \u00e9 a possibilidade de Trump concorrer \u00e0 vice-presid\u00eancia em uma chapa republicana em 2028. Caso a chapa seja eleita, o presidente eleito renunciaria, e Trump assumiria a presid\u00eancia por sucess\u00e3o.<\/p>\n\n\n\n<p>No entanto, essa estrat\u00e9gia \u00e9 cercada de controv\u00e9rsias legais, j\u00e1 que especialistas destacam que a 12\u00aa Emenda tamb\u00e9m pro\u00edbe que algu\u00e9m ineleg\u00edvel para a presid\u00eancia ocupe o cargo de vice-presidente. H\u00e1 ainda especula\u00e7\u00f5es sobre estrat\u00e9gias indiretas, como a forma\u00e7\u00e3o de uma \u201ctandemocracia\u201d, nos moldes do que ocorreu na R\u00fassia com Vladimir Putin e Dmitry Medvedev.<\/p>\n","protected":false},"excerpt":{"rendered":"<p>O segundo mandato de Donald Trump na presid\u00eancia dos Estados Unidos teve in\u00edcio em 20 de janeiro de 2025 e se encerrar\u00e1 em 20 de janeiro de 2029. Reeleito ap\u00f3s derrotar Joe Biden nas elei\u00e7\u00f5es de 2024, Trump tornou-se o segundo presidente da hist\u00f3ria do pa\u00eds a ocupar o cargo em dois per\u00edodos n\u00e3o consecutivos [&hellip;]<\/p>\n","protected":false},"author":4,"featured_media":1232,"comment_status":"open","ping_status":"open","sticky":false,"template":"","format":"standard","meta":{"jnews-multi-image_gallery":[],"jnews_single_post":{"format":"standard"},"jnews_primary_category":[],"jnews_social_meta":[],"jnews_post_split":[],"footnotes":""},"categories":[1],"tags":[],"class_list":["post-3631","post","type-post","status-publish","format-standard","has-post-thumbnail","hentry","category-uncategorized"],"_links":{"self":[{"href":"https:\/\/diariodepernambuco.audiencelabs.com.br\/wp-json\/wp\/v2\/posts\/3631","targetHints":{"allow":["GET"]}}],"collection":[{"href":"https:\/\/diariodepernambuco.audiencelabs.com.br\/wp-json\/wp\/v2\/posts"}],"about":[{"href":"https:\/\/diariodepernambuco.audiencelabs.com.br\/wp-json\/wp\/v2\/types\/post"}],"author":[{"embeddable":true,"href":"https:\/\/diariodepernambuco.audiencelabs.com.br\/wp-json\/wp\/v2\/users\/4"}],"replies":[{"embeddable":true,"href":"https:\/\/diariodepernambuco.audiencelabs.com.br\/wp-json\/wp\/v2\/comments?post=3631"}],"version-history":[{"count":2,"href":"https:\/\/diariodepernambuco.audiencelabs.com.br\/wp-json\/wp\/v2\/posts\/3631\/revisions"}],"predecessor-version":[{"id":3634,"href":"https:\/\/diariodepernambuco.audiencelabs.com.br\/wp-json\/wp\/v2\/posts\/3631\/revisions\/3634"}],"wp:featuredmedia":[{"embeddable":true,"href":"https:\/\/diariodepernambuco.audiencelabs.com.br\/wp-json\/wp\/v2\/media\/1232"}],"wp:attachment":[{"href":"https:\/\/diariodepernambuco.audiencelabs.com.br\/wp-json\/wp\/v2\/media?parent=3631"}],"wp:term":[{"taxonomy":"category","embeddable":true,"href":"https:\/\/diariodepernambuco.audiencelabs.com.br\/wp-json\/wp\/v2\/categories?post=3631"},{"taxonomy":"post_tag","embeddable":true,"href":"https:\/\/diariodepernambuco.audiencelabs.com.br\/wp-json\/wp\/v2\/tags?post=3631"}],"curies":[{"name":"wp","href":"https:\/\/api.w.org\/{rel}","templated":true}]}}