{"id":3635,"date":"2025-09-16T10:30:00","date_gmt":"2025-09-16T13:30:00","guid":{"rendered":"https:\/\/diariodepernambuco.audiencelabs.com.br\/?p=3635"},"modified":"2025-09-15T10:52:24","modified_gmt":"2025-09-15T13:52:24","slug":"conta-de-luz-gratuita-em-setembro-foi-anunciada-pelo-governo","status":"publish","type":"post","link":"https:\/\/diariodepernambuco.audiencelabs.com.br\/conta-de-luz-gratuita-em-setembro-foi-anunciada-pelo-governo\/","title":{"rendered":"Conta de luz gratuita em setembro foi anunciada pelo Governo"},"content":{"rendered":"\n<p>Voc\u00ea abriu a conta de luz de setembro esperando o valor de sempre e se surpreendeu ao ver um desconto significativo, que em alguns casos chegou a 100%? Fique tranquilo: n\u00e3o se trata de um erro que ser\u00e1 compensado na fatura de outubro com valores alt\u00edssimos. Esse abatimento expressivo \u00e9 resultado da amplia\u00e7\u00e3o das regras da Tarifa Social de Energia El\u00e9trica.<\/p>\n\n\n\n<p>O programa oferece descontos ou at\u00e9 isen\u00e7\u00e3o total na conta de luz para fam\u00edlias de baixa renda e outros grupos vulner\u00e1veis. Segundo o site GC+, cerca de 4,5 milh\u00f5es de fam\u00edlias brasileiras n\u00e3o precisar\u00e3o mais pagar a fatura. A iniciativa pode representar uma economia de R$ 60 por m\u00eas, valor que faz diferen\u00e7a significativa no or\u00e7amento dom\u00e9stico dessas fam\u00edlias.<\/p>\n\n\n\n<p>A Tarifa Social de Energia El\u00e9trica atende a diferentes perfis de benefici\u00e1rios, incluindo fam\u00edlias inscritas no Cad\u00danico com renda mensal de at\u00e9 meio sal\u00e1rio m\u00ednimo por pessoa, benefici\u00e1rios do Benef\u00edcio de Presta\u00e7\u00e3o Continuada (BPC) e clientes em situa\u00e7\u00e3o de vulnerabilidade reconhecida pelas distribuidoras.<\/p>\n\n\n\n<p>Para ter direito ao desconto ou \u00e0 isen\u00e7\u00e3o, \u00e9 necess\u00e1rio que os dados estejam atualizados junto \u00e0 concession\u00e1ria de energia ou ao Cad\u00danico. Al\u00e9m de aliviar o bolso, a medida tamb\u00e9m busca ampliar o acesso \u00e0 energia el\u00e9trica, garantindo que todos tenham condi\u00e7\u00f5es de utilizar servi\u00e7os essenciais sem comprometer o or\u00e7amento familiar.<\/p>\n\n\n\n<h2 class=\"wp-block-heading\">Tudo sobre a Tarifa Social de Energia El\u00e9trica<\/h2>\n\n\n\n<p><strong>O que \u00e9<\/strong>: Programa do governo federal que oferece descontos ou at\u00e9 isen\u00e7\u00e3o total na conta de luz para fam\u00edlias de baixa renda e grupos vulner\u00e1veis.<\/p>\n\n\n\n<p><strong>Quem pode receber:<\/strong><\/p>\n\n\n\n<ul class=\"wp-block-list\">\n<li>Fam\u00edlias inscritas no Cad\u00danico com renda mensal de at\u00e9 meio sal\u00e1rio m\u00ednimo por pessoa.<\/li>\n\n\n\n<li>Benefici\u00e1rios do Benef\u00edcio de Presta\u00e7\u00e3o Continuada (BPC).<\/li>\n\n\n\n<li>Outros clientes em situa\u00e7\u00e3o de vulnerabilidade reconhecida pelas distribuidoras.<\/li>\n<\/ul>\n\n\n\n<p><strong>Tipos de benef\u00edcio:<\/strong><\/p>\n\n\n\n<ul class=\"wp-block-list\">\n<li>Descontos proporcionais ao consumo de energia.<\/li>\n\n\n\n<li>Isen\u00e7\u00e3o total para fam\u00edlias em situa\u00e7\u00e3o de maior vulnerabilidade.<\/li>\n<\/ul>\n\n\n\n<p><strong>Valor do benef\u00edcio:<\/strong><\/p>\n\n\n\n<ul class=\"wp-block-list\">\n<li>Pode chegar a 100% de desconto na fatura, dependendo do consumo e do perfil da fam\u00edlia.<\/li>\n\n\n\n<li>Economia m\u00e9dia de R$ 60 por m\u00eas, mas varia conforme o uso de energia.<\/li>\n<\/ul>\n\n\n\n<p><strong>Como acessar:<\/strong><\/p>\n\n\n\n<ul class=\"wp-block-list\">\n<li>Atualizar cadastro no Cad\u00danico.<\/li>\n\n\n\n<li>Solicitar a inclus\u00e3o diretamente \u00e0 distribuidora de energia.<\/li>\n<\/ul>\n\n\n\n<p><strong>Objetivo:<\/strong><\/p>\n\n\n\n<ul class=\"wp-block-list\">\n<li>Reduzir o custo da energia el\u00e9trica para fam\u00edlias de baixa renda.<\/li>\n\n\n\n<li>Garantir acesso \u00e0 eletricidade para todos, sem comprometer o or\u00e7amento familiar.<\/li>\n<\/ul>\n\n\n\n<p><\/p>\n","protected":false},"excerpt":{"rendered":"<p>Voc\u00ea abriu a conta de luz de setembro esperando o valor de sempre e se surpreendeu ao ver um desconto significativo, que em alguns casos chegou a 100%? Fique tranquilo: n\u00e3o se trata de um erro que ser\u00e1 compensado na fatura de outubro com valores alt\u00edssimos. Esse abatimento expressivo \u00e9 resultado da amplia\u00e7\u00e3o das regras [&hellip;]<\/p>\n","protected":false},"author":4,"featured_media":1631,"comment_status":"open","ping_status":"open","sticky":false,"template":"","format":"standard","meta":{"jnews-multi-image_gallery":[],"jnews_single_post":{"format":"standard"},"jnews_primary_category":[],"jnews_social_meta":[],"jnews_post_split":[],"footnotes":""},"categories":[1],"tags":[],"class_list":["post-3635","post","type-post","status-publish","format-standard","has-post-thumbnail","hentry","category-uncategorized"],"_links":{"self":[{"href":"https:\/\/diariodepernambuco.audiencelabs.com.br\/wp-json\/wp\/v2\/posts\/3635","targetHints":{"allow":["GET"]}}],"collection":[{"href":"https:\/\/diariodepernambuco.audiencelabs.com.br\/wp-json\/wp\/v2\/posts"}],"about":[{"href":"https:\/\/diariodepernambuco.audiencelabs.com.br\/wp-json\/wp\/v2\/types\/post"}],"author":[{"embeddable":true,"href":"https:\/\/diariodepernambuco.audiencelabs.com.br\/wp-json\/wp\/v2\/users\/4"}],"replies":[{"embeddable":true,"href":"https:\/\/diariodepernambuco.audiencelabs.com.br\/wp-json\/wp\/v2\/comments?post=3635"}],"version-history":[{"count":2,"href":"https:\/\/diariodepernambuco.audiencelabs.com.br\/wp-json\/wp\/v2\/posts\/3635\/revisions"}],"predecessor-version":[{"id":3638,"href":"https:\/\/diariodepernambuco.audiencelabs.com.br\/wp-json\/wp\/v2\/posts\/3635\/revisions\/3638"}],"wp:featuredmedia":[{"embeddable":true,"href":"https:\/\/diariodepernambuco.audiencelabs.com.br\/wp-json\/wp\/v2\/media\/1631"}],"wp:attachment":[{"href":"https:\/\/diariodepernambuco.audiencelabs.com.br\/wp-json\/wp\/v2\/media?parent=3635"}],"wp:term":[{"taxonomy":"category","embeddable":true,"href":"https:\/\/diariodepernambuco.audiencelabs.com.br\/wp-json\/wp\/v2\/categories?post=3635"},{"taxonomy":"post_tag","embeddable":true,"href":"https:\/\/diariodepernambuco.audiencelabs.com.br\/wp-json\/wp\/v2\/tags?post=3635"}],"curies":[{"name":"wp","href":"https:\/\/api.w.org\/{rel}","templated":true}]}}