{"id":3649,"date":"2025-09-16T11:30:00","date_gmt":"2025-09-16T14:30:00","guid":{"rendered":"https:\/\/diariodepernambuco.audiencelabs.com.br\/?p=3649"},"modified":"2025-09-15T13:46:17","modified_gmt":"2025-09-15T16:46:17","slug":"idosos-recebem-noticia-importante-e-grande-alerta-do-bpc","status":"publish","type":"post","link":"https:\/\/diariodepernambuco.audiencelabs.com.br\/idosos-recebem-noticia-importante-e-grande-alerta-do-bpc\/","title":{"rendered":"Idosos recebem not\u00edcia importante e grande alerta do BPC"},"content":{"rendered":"\n<p>O Benef\u00edcio de Presta\u00e7\u00e3o Continuada (BPC) \u00e9 um programa do governo federal voltado para garantir uma renda m\u00ednima a pessoas em situa\u00e7\u00e3o de vulnerabilidade social. Destinado a idosos com 65 anos ou mais e a pessoas com defici\u00eancia de qualquer idade que comprovem n\u00e3o possuir meios de se sustentar ou de serem sustentados por sua fam\u00edlia, o BPC oferece um valor equivalente a um sal\u00e1rio m\u00ednimo por m\u00eas.<\/p>\n\n\n\n<p>Recentemente, o governo lan\u00e7ou um alerta oficial para idosos com 65 anos ou mais, destacando as novas regras de cadastramento e a necessidade de manter os dados atualizados para continuar recebendo o benef\u00edcio. Com o objetivo de prevenir fraudes e aumentar a seguran\u00e7a, foram implementadas novas exig\u00eancias de cadastramento biom\u00e9trico.<\/p>\n\n\n\n<p>As mudan\u00e7as exigem que os benefici\u00e1rios compare\u00e7am aos \u00f3rg\u00e3os respons\u00e1veis, como o Instituto Nacional do Seguro Social (INSS), para realizar ou atualizar o cadastro com a biometria. Caso os dados n\u00e3o sejam atualizados dentro do prazo estabelecido, o pagamento do BPC pode ser suspenso at\u00e9 que a situa\u00e7\u00e3o seja regularizada.<\/p>\n\n\n\n<p>O governo refor\u00e7a que essas medidas t\u00eam como objetivo garantir que os recursos cheguem de forma segura a quem realmente tem direito, evitando irregularidades e protegendo a integridade do programa. Atualmente, o BPC paga R$ 1.518,00 mensais para os seus benefici\u00e1rios.<\/p>\n\n\n\n<h2 class=\"wp-block-heading\">Tudo sobre o Benef\u00edcio de Presta\u00e7\u00e3o Continuada (BPC)<\/h2>\n\n\n\n<p><strong>O que \u00e9: <\/strong><\/p>\n\n\n\n<ul class=\"wp-block-list\">\n<li>Programa do governo federal que garante uma renda m\u00ednima mensal para pessoas em situa\u00e7\u00e3o de vulnerabilidade social.<\/li>\n<\/ul>\n\n\n\n<p><strong>Quem tem direito:<\/strong><\/p>\n\n\n\n<ul class=\"wp-block-list\">\n<li>Idosos com 65 anos ou mais que n\u00e3o possuam meios de prover sua pr\u00f3pria subsist\u00eancia.<\/li>\n\n\n\n<li>Pessoas com defici\u00eancia de qualquer idade que comprovem n\u00e3o ter condi\u00e7\u00f5es de trabalhar ou receber apoio familiar suficiente.<\/li>\n<\/ul>\n\n\n\n<p><strong>Valor do benef\u00edcio:<\/strong><\/p>\n\n\n\n<ul class=\"wp-block-list\">\n<li>Equivalente a um sal\u00e1rio m\u00ednimo por m\u00eas.<\/li>\n<\/ul>\n\n\n\n<p><strong>Crit\u00e9rios de elegibilidade:<\/strong><\/p>\n\n\n\n<ul class=\"wp-block-list\">\n<li>Renda familiar per capita inferior a 1\/4 do sal\u00e1rio m\u00ednimo.<\/li>\n\n\n\n<li>Comprova\u00e7\u00e3o da situa\u00e7\u00e3o de vulnerabilidade e da defici\u00eancia, quando aplic\u00e1vel.<\/li>\n<\/ul>\n\n\n\n<p><strong>Como solicitar:<\/strong><\/p>\n\n\n\n<ul class=\"wp-block-list\">\n<li>O pedido deve ser feito junto ao INSS, pelo site, aplicativo Meu INSS ou em ag\u00eancias f\u00edsicas.<\/li>\n\n\n\n<li>\u00c9 necess\u00e1rio manter o cadastro atualizado, especialmente dados de renda e informa\u00e7\u00f5es pessoais.<\/li>\n<\/ul>\n\n\n\n<p><strong>Novidades recentes:<\/strong><\/p>\n\n\n\n<ul class=\"wp-block-list\">\n<li>Implementa\u00e7\u00e3o de cadastramento biom\u00e9trico para aumentar a seguran\u00e7a e evitar fraudes.<\/li>\n\n\n\n<li>Alertas para que os benefici\u00e1rios mantenham os dados atualizados, sob risco de suspens\u00e3o do pagamento.<\/li>\n<\/ul>\n\n\n\n<p><strong>Objetivo do programa:<\/strong><\/p>\n\n\n\n<ul class=\"wp-block-list\">\n<li>Garantir prote\u00e7\u00e3o social a idosos e pessoas com defici\u00eancia em situa\u00e7\u00e3o de vulnerabilidade.<\/li>\n\n\n\n<li>Evitar que essas pessoas fiquem sem renda m\u00ednima para sobreviver.<\/li>\n<\/ul>\n\n\n\n<p><\/p>\n","protected":false},"excerpt":{"rendered":"<p>O Benef\u00edcio de Presta\u00e7\u00e3o Continuada (BPC) \u00e9 um programa do governo federal voltado para garantir uma renda m\u00ednima a pessoas em situa\u00e7\u00e3o de vulnerabilidade social. Destinado a idosos com 65 anos ou mais e a pessoas com defici\u00eancia de qualquer idade que comprovem n\u00e3o possuir meios de se sustentar ou de serem sustentados por sua [&hellip;]<\/p>\n","protected":false},"author":4,"featured_media":2191,"comment_status":"open","ping_status":"open","sticky":false,"template":"","format":"standard","meta":{"jnews-multi-image_gallery":[],"jnews_single_post":{"format":"standard"},"jnews_primary_category":[],"jnews_social_meta":[],"jnews_post_split":[],"footnotes":""},"categories":[1],"tags":[],"class_list":["post-3649","post","type-post","status-publish","format-standard","has-post-thumbnail","hentry","category-uncategorized"],"_links":{"self":[{"href":"https:\/\/diariodepernambuco.audiencelabs.com.br\/wp-json\/wp\/v2\/posts\/3649","targetHints":{"allow":["GET"]}}],"collection":[{"href":"https:\/\/diariodepernambuco.audiencelabs.com.br\/wp-json\/wp\/v2\/posts"}],"about":[{"href":"https:\/\/diariodepernambuco.audiencelabs.com.br\/wp-json\/wp\/v2\/types\/post"}],"author":[{"embeddable":true,"href":"https:\/\/diariodepernambuco.audiencelabs.com.br\/wp-json\/wp\/v2\/users\/4"}],"replies":[{"embeddable":true,"href":"https:\/\/diariodepernambuco.audiencelabs.com.br\/wp-json\/wp\/v2\/comments?post=3649"}],"version-history":[{"count":2,"href":"https:\/\/diariodepernambuco.audiencelabs.com.br\/wp-json\/wp\/v2\/posts\/3649\/revisions"}],"predecessor-version":[{"id":3652,"href":"https:\/\/diariodepernambuco.audiencelabs.com.br\/wp-json\/wp\/v2\/posts\/3649\/revisions\/3652"}],"wp:featuredmedia":[{"embeddable":true,"href":"https:\/\/diariodepernambuco.audiencelabs.com.br\/wp-json\/wp\/v2\/media\/2191"}],"wp:attachment":[{"href":"https:\/\/diariodepernambuco.audiencelabs.com.br\/wp-json\/wp\/v2\/media?parent=3649"}],"wp:term":[{"taxonomy":"category","embeddable":true,"href":"https:\/\/diariodepernambuco.audiencelabs.com.br\/wp-json\/wp\/v2\/categories?post=3649"},{"taxonomy":"post_tag","embeddable":true,"href":"https:\/\/diariodepernambuco.audiencelabs.com.br\/wp-json\/wp\/v2\/tags?post=3649"}],"curies":[{"name":"wp","href":"https:\/\/api.w.org\/{rel}","templated":true}]}}