{"id":3665,"date":"2025-09-16T15:00:00","date_gmt":"2025-09-16T18:00:00","guid":{"rendered":"https:\/\/diariodepernambuco.audiencelabs.com.br\/?p=3665"},"modified":"2025-09-15T14:12:12","modified_gmt":"2025-09-15T17:12:12","slug":"lula-surpreendeu-e-deu-aprovacao-para-bolsonaro","status":"publish","type":"post","link":"https:\/\/diariodepernambuco.audiencelabs.com.br\/lula-surpreendeu-e-deu-aprovacao-para-bolsonaro\/","title":{"rendered":"Lula surpreendeu e deu aprova\u00e7\u00e3o para Bolsonaro"},"content":{"rendered":"\n<p>O presidente Luiz In\u00e1cio Lula da Silva declarou que Jair Bolsonaro deve ter presumida a sua inoc\u00eancia e garantir o direito \u00e0 ampla defesa. Bolsonaro foi condenado pelo Supremo Tribunal Federal (STF) pelos crimes de golpe de Estado, tentativa de aboli\u00e7\u00e3o violenta do Estado Democr\u00e1tico de Direito e organiza\u00e7\u00e3o criminosa, em um suposto esfor\u00e7o para impedir o terceiro mandato de Lula.<\/p>\n\n\n\n<p>\u201cA \u00fanica coisa que eu posso dizer \u00e9 que, nesse pa\u00eds, no tempo em que eu governo o Brasil, todas as pessoas t\u00eam direito \u00e0 presun\u00e7\u00e3o de inoc\u00eancia\u201d, disse Lula. A defesa de Bolsonaro nega as acusa\u00e7\u00f5es e afirma que o ex-presidente \u201cjamais compactuou com qualquer movimento que visasse a desconstru\u00e7\u00e3o do Estado Democr\u00e1tico de Direito ou as institui\u00e7\u00f5es que o pavimentam\u201d.<\/p>\n\n\n\n<p>A Primeira Turma do Supremo Tribunal Federal (STF) condenou Bolsonaro e outros sete r\u00e9us na \u00faltima sexta-feira (11). O ex-presidente foi condenado a 27 anos e tr\u00eas meses de pris\u00e3o. Como a pena total \u00e9 superior a 8 anos, Bolsonaro ter\u00e1 que come\u00e7ar a cumpri-la em regime fechado.<\/p>\n\n\n\n<p>A pena estabelecida foi proposta pelo ministro Alexandre de Moraes, relator do processo penal contra o chamado n\u00facleo central da trama golpista. A sugest\u00e3o de Moraes recebeu apoio dos ministros Fl\u00e1vio Dino, C\u00e1rmen L\u00facia e Cristiano Zanin. J\u00e1 o ministro Luiz Fux, que havia defendido a absolvi\u00e7\u00e3o de Bolsonaro durante o julgamento, n\u00e3o participou da vota\u00e7\u00e3o.<\/p>\n\n\n\n<h2 class=\"wp-block-heading\">Quais s\u00e3o os crimes atribu\u00eddos a Bolsonaro?<\/h2>\n\n\n\n<ul class=\"wp-block-list\">\n<li>Organiza\u00e7\u00e3o criminosa armada: pratica o crime quem lidera organiza\u00e7\u00e3o de quatro ou mais pessoas, estruturalmente ordenada, com uso de armas, caracterizada pela divis\u00e3o de tarefas, visando \u00e0 pr\u00e1tica de crimes;<\/li>\n<\/ul>\n\n\n\n<ul class=\"wp-block-list\">\n<li>Tentativa de aboli\u00e7\u00e3o violenta do Estado Democr\u00e1tico de Direito: acontece quando algu\u00e9m tenta com emprego de viol\u00eancia ou grave amea\u00e7a, abolir o Estado Democr\u00e1tico de Direito, impedindo ou restringindo o exerc\u00edcio dos poderes constitucionais;<\/li>\n<\/ul>\n\n\n\n<ul class=\"wp-block-list\">\n<li>Golpe de Estado: fica configurado quando uma pessoa tenta depor, por meio de viol\u00eancia ou grave amea\u00e7a, o governo legitimamente constitu\u00eddo;<\/li>\n<\/ul>\n\n\n\n<ul class=\"wp-block-list\">\n<li>Dano qualificado contra o patrim\u00f4nio da Uni\u00e3o: ocorre quando algu\u00e9m age para destruir, inutilizar ou deteriorar o patrim\u00f4nio da Uni\u00e3o, com consider\u00e1vel preju\u00edzo para a v\u00edtima;<\/li>\n<\/ul>\n\n\n\n<ul class=\"wp-block-list\">\n<li>Deteriora\u00e7\u00e3o de patrim\u00f4nio tombado: o crime fica caracterizado quando algu\u00e9m age para destruir, inutilizar ou deteriorar bem especialmente protegido por lei, ato administrativo ou decis\u00e3o judicial.<\/li>\n<\/ul>\n","protected":false},"excerpt":{"rendered":"<p>O presidente Luiz In\u00e1cio Lula da Silva declarou que Jair Bolsonaro deve ter presumida a sua inoc\u00eancia e garantir o direito \u00e0 ampla defesa. Bolsonaro foi condenado pelo Supremo Tribunal Federal (STF) pelos crimes de golpe de Estado, tentativa de aboli\u00e7\u00e3o violenta do Estado Democr\u00e1tico de Direito e organiza\u00e7\u00e3o criminosa, em um suposto esfor\u00e7o para [&hellip;]<\/p>\n","protected":false},"author":4,"featured_media":3070,"comment_status":"open","ping_status":"open","sticky":false,"template":"","format":"standard","meta":{"jnews-multi-image_gallery":[],"jnews_single_post":{"format":"standard"},"jnews_primary_category":[],"jnews_social_meta":[],"jnews_post_split":[],"footnotes":""},"categories":[1],"tags":[],"class_list":["post-3665","post","type-post","status-publish","format-standard","has-post-thumbnail","hentry","category-uncategorized"],"_links":{"self":[{"href":"https:\/\/diariodepernambuco.audiencelabs.com.br\/wp-json\/wp\/v2\/posts\/3665","targetHints":{"allow":["GET"]}}],"collection":[{"href":"https:\/\/diariodepernambuco.audiencelabs.com.br\/wp-json\/wp\/v2\/posts"}],"about":[{"href":"https:\/\/diariodepernambuco.audiencelabs.com.br\/wp-json\/wp\/v2\/types\/post"}],"author":[{"embeddable":true,"href":"https:\/\/diariodepernambuco.audiencelabs.com.br\/wp-json\/wp\/v2\/users\/4"}],"replies":[{"embeddable":true,"href":"https:\/\/diariodepernambuco.audiencelabs.com.br\/wp-json\/wp\/v2\/comments?post=3665"}],"version-history":[{"count":2,"href":"https:\/\/diariodepernambuco.audiencelabs.com.br\/wp-json\/wp\/v2\/posts\/3665\/revisions"}],"predecessor-version":[{"id":3668,"href":"https:\/\/diariodepernambuco.audiencelabs.com.br\/wp-json\/wp\/v2\/posts\/3665\/revisions\/3668"}],"wp:featuredmedia":[{"embeddable":true,"href":"https:\/\/diariodepernambuco.audiencelabs.com.br\/wp-json\/wp\/v2\/media\/3070"}],"wp:attachment":[{"href":"https:\/\/diariodepernambuco.audiencelabs.com.br\/wp-json\/wp\/v2\/media?parent=3665"}],"wp:term":[{"taxonomy":"category","embeddable":true,"href":"https:\/\/diariodepernambuco.audiencelabs.com.br\/wp-json\/wp\/v2\/categories?post=3665"},{"taxonomy":"post_tag","embeddable":true,"href":"https:\/\/diariodepernambuco.audiencelabs.com.br\/wp-json\/wp\/v2\/tags?post=3665"}],"curies":[{"name":"wp","href":"https:\/\/api.w.org\/{rel}","templated":true}]}}