{"id":3669,"date":"2025-09-16T15:30:00","date_gmt":"2025-09-16T18:30:00","guid":{"rendered":"https:\/\/diariodepernambuco.audiencelabs.com.br\/?p=3669"},"modified":"2025-09-15T14:19:59","modified_gmt":"2025-09-15T17:19:59","slug":"quem-e-o-candidato-de-direita-que-vence-lula-nas-pesquisas","status":"publish","type":"post","link":"https:\/\/diariodepernambuco.audiencelabs.com.br\/quem-e-o-candidato-de-direita-que-vence-lula-nas-pesquisas\/","title":{"rendered":"Quem \u00e9 o candidato de direita que vence Lula nas pesquisas?"},"content":{"rendered":"\n<p>Com a proximidade das elei\u00e7\u00f5es presidenciais, aumentam as especula\u00e7\u00f5es sobre quem poder\u00e1 disputar a presid\u00eancia contra Lula em 2026. Com Jair Bolsonaro fora da corrida por estar ineleg\u00edvel, o cen\u00e1rio pol\u00edtico se movimenta, com partidos formando alian\u00e7as e surgindo novos nomes como poss\u00edveis alternativas de oposi\u00e7\u00e3o.<\/p>\n\n\n\n<p>Nas \u00faltimas semanas, o governador de S\u00e3o Paulo, Tarc\u00edsio de Freitas, tem se destacado como favorito entre os bolsonaristas. Outro nome que tem ganhado aten\u00e7\u00e3o \u00e9 Ratinho J\u00fanior, governador do Paran\u00e1, que apresenta desempenho s\u00f3lido nas pesquisas. De acordo com levantamento da Paran\u00e1 Pesquisas, 85% dos paranaenses aprovam sua gest\u00e3o.<\/p>\n\n\n\n<p>Agora, uma nova pesquisa coloca Ratinho Jr. como um dos favoritos ao cargo. Segundo o instituto Neokemp, o governador paranaense aparece em primeiro lugar nas inten\u00e7\u00f5es de voto para a Presid\u00eancia da Rep\u00fablica. No levantamento, Ratinho Jr. soma 40% das inten\u00e7\u00f5es de voto, seguido por Luiz In\u00e1cio Lula da Silva (PT), com 25,4%.<\/p>\n\n\n\n<p>Romeu Zema (Novo), com 11,8%; e Ronaldo Caiado (Uni\u00e3o Brasil), com 5,5%, foram outros nomes citados. Votos brancos e nulos somaram 8,6%, e 8,7% disseram n\u00e3o saber em quem votar. Em eventual segundo turno contra Lula, Ratinho Jr. venceria com 58,8% contra 24,6% do atual presidente. A pesquisa ouviu 1.008 pessoas em 117 munic\u00edpios de Santa Catarina entre os dias 25 e 26 de agosto.<\/p>\n\n\n\n<h2 class=\"wp-block-heading\">Lula afirma que extrema direita n\u00e3o voltar\u00e1 ao poder<\/h2>\n\n\n\n<p>Na semana passada, o presidente Luiz In\u00e1cio Lula da Silva (PT) afirmou que a \u201cextrema direita\u201d n\u00e3o voltar\u00e1 a governar o Brasil, ao se manifestar sobre a possibilidade de concorrer \u00e0 reelei\u00e7\u00e3o em 2026.<\/p>\n\n\n\n<p>Em entrevista ao \u201cSBT Brasil\u201d, Lula disse: \u201cS\u00f3 tem uma hip\u00f3tese de eu n\u00e3o ser candidato, se tiver algum problema de sa\u00fade ou se aparecer algum candidato melhor do que eu. Agora uma coisa tenho a dizer: a extrema direita n\u00e3o voltar\u00e1 a governar esse pa\u00eds\u201d.<\/p>\n","protected":false},"excerpt":{"rendered":"<p>Com a proximidade das elei\u00e7\u00f5es presidenciais, aumentam as especula\u00e7\u00f5es sobre quem poder\u00e1 disputar a presid\u00eancia contra Lula em 2026. Com Jair Bolsonaro fora da corrida por estar ineleg\u00edvel, o cen\u00e1rio pol\u00edtico se movimenta, com partidos formando alian\u00e7as e surgindo novos nomes como poss\u00edveis alternativas de oposi\u00e7\u00e3o. Nas \u00faltimas semanas, o governador de S\u00e3o Paulo, Tarc\u00edsio [&hellip;]<\/p>\n","protected":false},"author":4,"featured_media":2447,"comment_status":"open","ping_status":"open","sticky":false,"template":"","format":"standard","meta":{"jnews-multi-image_gallery":[],"jnews_single_post":{"format":"standard"},"jnews_primary_category":[],"jnews_social_meta":[],"jnews_post_split":[],"footnotes":""},"categories":[1],"tags":[],"class_list":["post-3669","post","type-post","status-publish","format-standard","has-post-thumbnail","hentry","category-uncategorized"],"_links":{"self":[{"href":"https:\/\/diariodepernambuco.audiencelabs.com.br\/wp-json\/wp\/v2\/posts\/3669","targetHints":{"allow":["GET"]}}],"collection":[{"href":"https:\/\/diariodepernambuco.audiencelabs.com.br\/wp-json\/wp\/v2\/posts"}],"about":[{"href":"https:\/\/diariodepernambuco.audiencelabs.com.br\/wp-json\/wp\/v2\/types\/post"}],"author":[{"embeddable":true,"href":"https:\/\/diariodepernambuco.audiencelabs.com.br\/wp-json\/wp\/v2\/users\/4"}],"replies":[{"embeddable":true,"href":"https:\/\/diariodepernambuco.audiencelabs.com.br\/wp-json\/wp\/v2\/comments?post=3669"}],"version-history":[{"count":2,"href":"https:\/\/diariodepernambuco.audiencelabs.com.br\/wp-json\/wp\/v2\/posts\/3669\/revisions"}],"predecessor-version":[{"id":3672,"href":"https:\/\/diariodepernambuco.audiencelabs.com.br\/wp-json\/wp\/v2\/posts\/3669\/revisions\/3672"}],"wp:featuredmedia":[{"embeddable":true,"href":"https:\/\/diariodepernambuco.audiencelabs.com.br\/wp-json\/wp\/v2\/media\/2447"}],"wp:attachment":[{"href":"https:\/\/diariodepernambuco.audiencelabs.com.br\/wp-json\/wp\/v2\/media?parent=3669"}],"wp:term":[{"taxonomy":"category","embeddable":true,"href":"https:\/\/diariodepernambuco.audiencelabs.com.br\/wp-json\/wp\/v2\/categories?post=3669"},{"taxonomy":"post_tag","embeddable":true,"href":"https:\/\/diariodepernambuco.audiencelabs.com.br\/wp-json\/wp\/v2\/tags?post=3669"}],"curies":[{"name":"wp","href":"https:\/\/api.w.org\/{rel}","templated":true}]}}