{"id":3684,"date":"2025-09-16T18:30:00","date_gmt":"2025-09-16T21:30:00","guid":{"rendered":"https:\/\/diariodepernambuco.audiencelabs.com.br\/?p=3684"},"modified":"2025-09-15T15:03:57","modified_gmt":"2025-09-15T18:03:57","slug":"depois-de-muito-tempo-japao-resolve-tomar-atitude-sobre-segunda-guerra","status":"publish","type":"post","link":"https:\/\/diariodepernambuco.audiencelabs.com.br\/depois-de-muito-tempo-japao-resolve-tomar-atitude-sobre-segunda-guerra\/","title":{"rendered":"Depois de muito tempo, Jap\u00e3o resolve tomar atitude sobre segunda guerra"},"content":{"rendered":"\n<p>Apesar da importante marca dos 80 anos do fim da Segunda Guerra Mundial no Pac\u00edfico, o governo do Jap\u00e3o optou por n\u00e3o emitir uma declara\u00e7\u00e3o oficial neste ano, rompendo uma tradi\u00e7\u00e3o mantida desde os anos 1990. O atual primeiro-ministro, Shigeru Ishiba, decidiu permanecer em sil\u00eancio nesta efem\u00e9ride simb\u00f3lica.<\/p>\n\n\n\n<p>Em 15 de agosto de 1945, o imperador Hirohito anunciou pelo r\u00e1dio a rendi\u00e7\u00e3o do Jap\u00e3o aos Aliados. Ao n\u00e3o mencionar a data, o atual primeiro-ministro japon\u00eas rompe a tradi\u00e7\u00e3o iniciada em 1995, que previa a publica\u00e7\u00e3o de uma declara\u00e7\u00e3o a cada d\u00e9cimo anivers\u00e1rio da rendi\u00e7\u00e3o.<\/p>\n\n\n\n<p>H\u00e1 30 anos, o ent\u00e3o primeiro-ministro Tomiichi Murayama tornou-se o primeiro l\u00edder japon\u00eas a pedir desculpas de todo cora\u00e7\u00e3o pela domina\u00e7\u00e3o colonial e agress\u00f5es e a expressar seu profundo arrependimento pelos crimes cometidos pelo Imp\u00e9rio Japon\u00eas durante a Segunda Guerra Mundial.<\/p>\n\n\n\n<p>A decis\u00e3o de Ishiba tamb\u00e9m causou surpresa porque o Jap\u00e3o redefiniu recentemente sua pol\u00edtica de seguran\u00e7a e defesa. Analistas destacam que o governo poderia ter aproveitado o 80\u00ba anivers\u00e1rio para explicar essa mudan\u00e7a de dire\u00e7\u00e3o. Na pr\u00e1tica, o pa\u00eds j\u00e1 se afastou da pol\u00edtica externa pacifista que predominou nas d\u00e9cadas seguintes ao fim da Segunda Guerra Mundial.<\/p>\n\n\n\n<p>Com seu sil\u00eancio, o primeiro-ministro de 68 anos aparenta considerar a influ\u00eancia da ala conservadora do governista Partido Liberal Democrata (PLD), buscando n\u00e3o comprometer sua posi\u00e7\u00e3o como l\u00edder do governo e do partido ap\u00f3s a derrota nas elei\u00e7\u00f5es para o Senado em julho.<\/p>\n\n\n\n<h2 class=\"wp-block-heading\">A participa\u00e7\u00e3o do Jap\u00e3o na Segunda Guerra Mundial<\/h2>\n\n\n\n<ul class=\"wp-block-list\">\n<li>Alian\u00e7a: O Jap\u00e3o integrou o Eixo, ao lado da Alemanha nazista e da It\u00e1lia fascista.<\/li>\n<\/ul>\n\n\n\n<ul class=\"wp-block-list\">\n<li>Expans\u00e3o territorial: Buscava criar a chamada \u201cEsfera de Coprosperidade da Grande \u00c1sia Oriental\u201d, dominando regi\u00f5es do leste e sudeste asi\u00e1tico.<\/li>\n<\/ul>\n\n\n\n<ul class=\"wp-block-list\">\n<li>Ataque a Pearl Harbor (1941): Bombardeio surpresa contra a base naval dos EUA no Hava\u00ed, que levou os americanos a entrarem na guerra.<\/li>\n<\/ul>\n\n\n\n<ul class=\"wp-block-list\">\n<li>Conquistas militares: Ocupou pa\u00edses e territ\u00f3rios como Filipinas, Indon\u00e9sia, Mal\u00e1sia, Coreia, partes da China e ilhas do Pac\u00edfico.<\/li>\n<\/ul>\n\n\n\n<ul class=\"wp-block-list\">\n<li>Crimes de guerra: Praticou massacres e viola\u00e7\u00f5es de direitos humanos, como o Massacre de Nanquim (1937), uso de trabalhos for\u00e7ados e viol\u00eancia contra popula\u00e7\u00f5es civis.<\/li>\n<\/ul>\n\n\n\n<ul class=\"wp-block-list\">\n<li>Derrota militar: Sofreu sucessivas derrotas a partir de 1943, especialmente ap\u00f3s as batalhas de Midway e Guadalcanal.<\/li>\n<\/ul>\n\n\n\n<ul class=\"wp-block-list\">\n<li>Bombas at\u00f4micas: O Jap\u00e3o foi o \u00fanico pa\u00eds a sofrer ataques nucleares, com Hiroshima (6 de agosto de 1945) e Nagasaki (9 de agosto de 1945).<\/li>\n<\/ul>\n\n\n\n<ul class=\"wp-block-list\">\n<li>Rendi\u00e7\u00e3o: Em 15 de agosto de 1945, o imperador Hirohito anunciou a rendi\u00e7\u00e3o, formalizada em 2 de setembro de 1945, encerrando a guerra no Pac\u00edfico.<\/li>\n<\/ul>\n\n\n\n<p><\/p>\n","protected":false},"excerpt":{"rendered":"<p>Apesar da importante marca dos 80 anos do fim da Segunda Guerra Mundial no Pac\u00edfico, o governo do Jap\u00e3o optou por n\u00e3o emitir uma declara\u00e7\u00e3o oficial neste ano, rompendo uma tradi\u00e7\u00e3o mantida desde os anos 1990. O atual primeiro-ministro, Shigeru Ishiba, decidiu permanecer em sil\u00eancio nesta efem\u00e9ride simb\u00f3lica. Em 15 de agosto de 1945, o [&hellip;]<\/p>\n","protected":false},"author":4,"featured_media":3686,"comment_status":"open","ping_status":"open","sticky":false,"template":"","format":"standard","meta":{"jnews-multi-image_gallery":[],"jnews_single_post":{"format":"standard"},"jnews_primary_category":[],"jnews_social_meta":[],"jnews_post_split":[],"footnotes":""},"categories":[1],"tags":[],"class_list":["post-3684","post","type-post","status-publish","format-standard","has-post-thumbnail","hentry","category-uncategorized"],"_links":{"self":[{"href":"https:\/\/diariodepernambuco.audiencelabs.com.br\/wp-json\/wp\/v2\/posts\/3684","targetHints":{"allow":["GET"]}}],"collection":[{"href":"https:\/\/diariodepernambuco.audiencelabs.com.br\/wp-json\/wp\/v2\/posts"}],"about":[{"href":"https:\/\/diariodepernambuco.audiencelabs.com.br\/wp-json\/wp\/v2\/types\/post"}],"author":[{"embeddable":true,"href":"https:\/\/diariodepernambuco.audiencelabs.com.br\/wp-json\/wp\/v2\/users\/4"}],"replies":[{"embeddable":true,"href":"https:\/\/diariodepernambuco.audiencelabs.com.br\/wp-json\/wp\/v2\/comments?post=3684"}],"version-history":[{"count":2,"href":"https:\/\/diariodepernambuco.audiencelabs.com.br\/wp-json\/wp\/v2\/posts\/3684\/revisions"}],"predecessor-version":[{"id":3688,"href":"https:\/\/diariodepernambuco.audiencelabs.com.br\/wp-json\/wp\/v2\/posts\/3684\/revisions\/3688"}],"wp:featuredmedia":[{"embeddable":true,"href":"https:\/\/diariodepernambuco.audiencelabs.com.br\/wp-json\/wp\/v2\/media\/3686"}],"wp:attachment":[{"href":"https:\/\/diariodepernambuco.audiencelabs.com.br\/wp-json\/wp\/v2\/media?parent=3684"}],"wp:term":[{"taxonomy":"category","embeddable":true,"href":"https:\/\/diariodepernambuco.audiencelabs.com.br\/wp-json\/wp\/v2\/categories?post=3684"},{"taxonomy":"post_tag","embeddable":true,"href":"https:\/\/diariodepernambuco.audiencelabs.com.br\/wp-json\/wp\/v2\/tags?post=3684"}],"curies":[{"name":"wp","href":"https:\/\/api.w.org\/{rel}","templated":true}]}}