{"id":3695,"date":"2025-09-20T07:30:00","date_gmt":"2025-09-20T10:30:00","guid":{"rendered":"https:\/\/diariodepernambuco.audiencelabs.com.br\/?p=3695"},"modified":"2025-09-15T15:18:46","modified_gmt":"2025-09-15T18:18:46","slug":"fim-da-sua-aposentadoria-aposentados-do-inss-precisam-ler-isso","status":"publish","type":"post","link":"https:\/\/diariodepernambuco.audiencelabs.com.br\/fim-da-sua-aposentadoria-aposentados-do-inss-precisam-ler-isso\/","title":{"rendered":"Fim da sua aposentadoria? Aposentados do INSS precisam ler isso"},"content":{"rendered":"\n<p>O Instituto Nacional do Seguro Social (INSS) divulgou o calend\u00e1rio oficial de pagamentos para setembro de 2025. A libera\u00e7\u00e3o seguir\u00e1 a ordem do n\u00famero final do benef\u00edcio (desconsiderando o d\u00edgito verificador), mantendo o formato j\u00e1 adotado para assegurar mais organiza\u00e7\u00e3o e previsibilidade.<\/p>\n\n\n\n<p>Os segurados que recebem at\u00e9 um sal\u00e1rio m\u00ednimo ter\u00e3o os dep\u00f3sitos realizados entre 25 de setembro e 8 de outubro. J\u00e1 os benefici\u00e1rios com renda acima do piso nacional receber\u00e3o entre 1\u00ba e 7 de outubro. Atualmente, o INSS paga mensalmente mais de 40 milh\u00f5es de benef\u00edcios.<\/p>\n\n\n\n<p>Do total, cerca de 28,2 milh\u00f5es de benef\u00edcios correspondem a valores de at\u00e9 um sal\u00e1rio m\u00ednimo, enquanto aproximadamente 12,3 milh\u00f5es s\u00e3o pagos a aposentados e pensionistas com renda superior a esse valor.<\/p>\n\n\n\n<p>Para confirmar a data de pagamento, o segurado deve conferir o pen\u00faltimo d\u00edgito do n\u00famero do benef\u00edcio, desconsiderando o que aparece ap\u00f3s o tra\u00e7o. Essas informa\u00e7\u00f5es tamb\u00e9m est\u00e3o dispon\u00edveis no portal e no aplicativo Meu INSS, que podem ser acessados com CPF e senha do Gov.br.<\/p>\n\n\n\n<p>Em caso de d\u00favidas, \u00e9 poss\u00edvel ligar para a Central 135, que conta com atendimento eletr\u00f4nico todos os dias e suporte humano em hor\u00e1rio comercial. J\u00e1 no aplicativo Meu INSS, al\u00e9m de verificar o extrato de pagamentos, o benefici\u00e1rio pode consultar dados cadastrais e acessar diversos servi\u00e7os por meio da barra de pesquisa da plataforma.<\/p>\n\n\n\n<h2 class=\"wp-block-heading\">Calend\u00e1rio de dep\u00f3sitos do INSS &#8211; at\u00e9 um sal\u00e1rio m\u00ednimo<\/h2>\n\n\n\n<ul class=\"wp-block-list\">\n<li>Final 1: 25\/09<\/li>\n\n\n\n<li>Final 2: 26\/09<\/li>\n\n\n\n<li>Final 3: 29\/09<\/li>\n\n\n\n<li>Final 4: 30\/09<\/li>\n\n\n\n<li>Final 5: 01\/10<\/li>\n\n\n\n<li>Final 6: 02\/10<\/li>\n\n\n\n<li>Final 7: 03\/10<\/li>\n\n\n\n<li>Final 8: 06\/10<\/li>\n\n\n\n<li>Final 9: 07\/10<\/li>\n\n\n\n<li>Final 0: 08\/10<\/li>\n<\/ul>\n\n\n\n<h2 class=\"wp-block-heading\">Calend\u00e1rio de dep\u00f3sitos do INSS &#8211; acima de um sal\u00e1rio m\u00ednimo<\/h2>\n\n\n\n<ul class=\"wp-block-list\">\n<li>Finais 1 e 6: 01\/10<\/li>\n\n\n\n<li>Finais 2 e 7: 02\/10<\/li>\n\n\n\n<li>Finais 3 e 8: 03\/10<\/li>\n\n\n\n<li>Finais 4 e 9: 06\/10<\/li>\n\n\n\n<li>Finais 5 e 0: 07\/10<\/li>\n<\/ul>\n\n\n\n<p><\/p>\n","protected":false},"excerpt":{"rendered":"<p>O Instituto Nacional do Seguro Social (INSS) divulgou o calend\u00e1rio oficial de pagamentos para setembro de 2025. A libera\u00e7\u00e3o seguir\u00e1 a ordem do n\u00famero final do benef\u00edcio (desconsiderando o d\u00edgito verificador), mantendo o formato j\u00e1 adotado para assegurar mais organiza\u00e7\u00e3o e previsibilidade. Os segurados que recebem at\u00e9 um sal\u00e1rio m\u00ednimo ter\u00e3o os dep\u00f3sitos realizados entre [&hellip;]<\/p>\n","protected":false},"author":4,"featured_media":1476,"comment_status":"open","ping_status":"open","sticky":false,"template":"","format":"standard","meta":{"jnews-multi-image_gallery":[],"jnews_single_post":{"format":"standard"},"jnews_primary_category":[],"jnews_social_meta":[],"jnews_post_split":[],"footnotes":""},"categories":[1],"tags":[],"class_list":["post-3695","post","type-post","status-publish","format-standard","has-post-thumbnail","hentry","category-uncategorized"],"_links":{"self":[{"href":"https:\/\/diariodepernambuco.audiencelabs.com.br\/wp-json\/wp\/v2\/posts\/3695","targetHints":{"allow":["GET"]}}],"collection":[{"href":"https:\/\/diariodepernambuco.audiencelabs.com.br\/wp-json\/wp\/v2\/posts"}],"about":[{"href":"https:\/\/diariodepernambuco.audiencelabs.com.br\/wp-json\/wp\/v2\/types\/post"}],"author":[{"embeddable":true,"href":"https:\/\/diariodepernambuco.audiencelabs.com.br\/wp-json\/wp\/v2\/users\/4"}],"replies":[{"embeddable":true,"href":"https:\/\/diariodepernambuco.audiencelabs.com.br\/wp-json\/wp\/v2\/comments?post=3695"}],"version-history":[{"count":2,"href":"https:\/\/diariodepernambuco.audiencelabs.com.br\/wp-json\/wp\/v2\/posts\/3695\/revisions"}],"predecessor-version":[{"id":3697,"href":"https:\/\/diariodepernambuco.audiencelabs.com.br\/wp-json\/wp\/v2\/posts\/3695\/revisions\/3697"}],"wp:featuredmedia":[{"embeddable":true,"href":"https:\/\/diariodepernambuco.audiencelabs.com.br\/wp-json\/wp\/v2\/media\/1476"}],"wp:attachment":[{"href":"https:\/\/diariodepernambuco.audiencelabs.com.br\/wp-json\/wp\/v2\/media?parent=3695"}],"wp:term":[{"taxonomy":"category","embeddable":true,"href":"https:\/\/diariodepernambuco.audiencelabs.com.br\/wp-json\/wp\/v2\/categories?post=3695"},{"taxonomy":"post_tag","embeddable":true,"href":"https:\/\/diariodepernambuco.audiencelabs.com.br\/wp-json\/wp\/v2\/tags?post=3695"}],"curies":[{"name":"wp","href":"https:\/\/api.w.org\/{rel}","templated":true}]}}