{"id":3698,"date":"2025-09-20T08:00:00","date_gmt":"2025-09-20T11:00:00","guid":{"rendered":"https:\/\/diariodepernambuco.audiencelabs.com.br\/?p=3698"},"modified":"2025-09-15T15:29:32","modified_gmt":"2025-09-15T18:29:32","slug":"atencao-aposentados-inss-surpreende-e-anuncia-cancelamento","status":"publish","type":"post","link":"https:\/\/diariodepernambuco.audiencelabs.com.br\/atencao-aposentados-inss-surpreende-e-anuncia-cancelamento\/","title":{"rendered":"Aten\u00e7\u00e3o, aposentados! INSS surpreende e anuncia cancelamento"},"content":{"rendered":"\n<p>Ant\u00f4nio Carlos Camilo Antunes, conhecido como &#8220;Careca do INSS&#8221;, cancelou o depoimento que prestaria \u00e0 CPMI (Comiss\u00e3o Parlamentar Mista de Inqu\u00e9rito) do INSS na \u00faltima segunda-feira (15). Uma decis\u00e3o do ministro Andr\u00e9 Mendon\u00e7a, do Superior Tribunal Federal (STF), assegurou que os investigados n\u00e3o s\u00e3o obrigados a depor.<\/p>\n\n\n\n<p>O presidente da CPMI, senador Carlos Viana (Podemos-MG), classificou a aus\u00eancia de Antunes como \u201clament\u00e1vel\u201d. Em comunicado, afirmou: \u201cPerdemos a oportunidade de ouvir hoje um dos principais investigados no esc\u00e2ndalo (\u2026), mas a comiss\u00e3o continuar\u00e1 trabalhando para que a verdade seja esclarecida\u201d.<\/p>\n\n\n\n<p>Deputados e senadores esperavam que Antunes revelasse mais nomes de envolvidos nos desvios do INSS, acreditando que ele poderia fornecer informa\u00e7\u00f5es mais relevantes do que outros j\u00e1 ouvidos. A Pol\u00edcia Federal aponta Antunes como um dos operadores do esquema de fraudes em aposentadorias e pens\u00f5es.<\/p>\n\n\n\n<p>Segundo a investiga\u00e7\u00e3o, a fraude teria causado preju\u00edzo de at\u00e9 R$ 6,3 bilh\u00f5es a aposentados e pensionistas. A Pol\u00edcia Federal afirma que Antunes recebeu R$ 53,58 milh\u00f5es de entidades associativas e intermedi\u00e1rias, por meio de empresas de sua propriedade. Al\u00e9m disso, segundo a PF, ele teria repassado R$ 9,32 milh\u00f5es a servidores e empresas vinculadas \u00e0 c\u00fapula do INSS.<\/p>\n\n\n\n<h2 class=\"wp-block-heading\">Relembre o esc\u00e2ndalo do INSS<\/h2>\n\n\n\n<ul class=\"wp-block-list\">\n<li>Fraude milion\u00e1ria: A investiga\u00e7\u00e3o aponta que a fraude teria causado preju\u00edzo de at\u00e9 R$ 6,3 bilh\u00f5es aos aposentados e pensionistas.<\/li>\n<\/ul>\n\n\n\n<ul class=\"wp-block-list\">\n<li>Envolvimento de intermedi\u00e1rios: O principal suspeito teria recebido R$ 53,58 milh\u00f5es de entidades associativas e intermedi\u00e1rias.<\/li>\n<\/ul>\n\n\n\n<ul class=\"wp-block-list\">\n<li>Uso de empresas pr\u00f3prias: Pagamentos relacionados \u00e0 fraude teriam sido realizados por meio de empresas do investigado.<\/li>\n<\/ul>\n\n\n\n<ul class=\"wp-block-list\">\n<li>Repasse a servidores: Cerca de R$ 9,32 milh\u00f5es teriam sido repassados a servidores p\u00fablicos do INSS, segundo a Pol\u00edcia Federal.<\/li>\n<\/ul>\n\n\n\n<ul class=\"wp-block-list\">\n<li>Manipula\u00e7\u00e3o de benef\u00edcios: A fraude envolvia a concess\u00e3o irregular de aposentadorias e pens\u00f5es, muitas vezes sem que os benefici\u00e1rios cumprissem os requisitos legais.<\/li>\n<\/ul>\n\n\n\n<ul class=\"wp-block-list\">\n<li>Investiga\u00e7\u00e3o em andamento: A Pol\u00edcia Federal continua apurando detalhes, incluindo poss\u00edveis outros envolvidos e a extens\u00e3o completa do esquema.<\/li>\n<\/ul>\n","protected":false},"excerpt":{"rendered":"<p>Ant\u00f4nio Carlos Camilo Antunes, conhecido como &#8220;Careca do INSS&#8221;, cancelou o depoimento que prestaria \u00e0 CPMI (Comiss\u00e3o Parlamentar Mista de Inqu\u00e9rito) do INSS na \u00faltima segunda-feira (15). Uma decis\u00e3o do ministro Andr\u00e9 Mendon\u00e7a, do Superior Tribunal Federal (STF), assegurou que os investigados n\u00e3o s\u00e3o obrigados a depor. O presidente da CPMI, senador Carlos Viana (Podemos-MG), [&hellip;]<\/p>\n","protected":false},"author":4,"featured_media":659,"comment_status":"open","ping_status":"open","sticky":false,"template":"","format":"standard","meta":{"jnews-multi-image_gallery":[],"jnews_single_post":[],"jnews_primary_category":[],"jnews_social_meta":[],"jnews_post_split":[],"footnotes":""},"categories":[1],"tags":[],"class_list":["post-3698","post","type-post","status-publish","format-standard","has-post-thumbnail","hentry","category-uncategorized"],"_links":{"self":[{"href":"https:\/\/diariodepernambuco.audiencelabs.com.br\/wp-json\/wp\/v2\/posts\/3698","targetHints":{"allow":["GET"]}}],"collection":[{"href":"https:\/\/diariodepernambuco.audiencelabs.com.br\/wp-json\/wp\/v2\/posts"}],"about":[{"href":"https:\/\/diariodepernambuco.audiencelabs.com.br\/wp-json\/wp\/v2\/types\/post"}],"author":[{"embeddable":true,"href":"https:\/\/diariodepernambuco.audiencelabs.com.br\/wp-json\/wp\/v2\/users\/4"}],"replies":[{"embeddable":true,"href":"https:\/\/diariodepernambuco.audiencelabs.com.br\/wp-json\/wp\/v2\/comments?post=3698"}],"version-history":[{"count":2,"href":"https:\/\/diariodepernambuco.audiencelabs.com.br\/wp-json\/wp\/v2\/posts\/3698\/revisions"}],"predecessor-version":[{"id":3700,"href":"https:\/\/diariodepernambuco.audiencelabs.com.br\/wp-json\/wp\/v2\/posts\/3698\/revisions\/3700"}],"wp:featuredmedia":[{"embeddable":true,"href":"https:\/\/diariodepernambuco.audiencelabs.com.br\/wp-json\/wp\/v2\/media\/659"}],"wp:attachment":[{"href":"https:\/\/diariodepernambuco.audiencelabs.com.br\/wp-json\/wp\/v2\/media?parent=3698"}],"wp:term":[{"taxonomy":"category","embeddable":true,"href":"https:\/\/diariodepernambuco.audiencelabs.com.br\/wp-json\/wp\/v2\/categories?post=3698"},{"taxonomy":"post_tag","embeddable":true,"href":"https:\/\/diariodepernambuco.audiencelabs.com.br\/wp-json\/wp\/v2\/tags?post=3698"}],"curies":[{"name":"wp","href":"https:\/\/api.w.org\/{rel}","templated":true}]}}