{"id":3706,"date":"2025-09-20T12:05:00","date_gmt":"2025-09-20T15:05:00","guid":{"rendered":"https:\/\/diariodepernambuco.audiencelabs.com.br\/?p=3706"},"modified":"2025-09-15T15:42:50","modified_gmt":"2025-09-15T18:42:50","slug":"fabrica-gigante-que-produz-vacinas-vai-ser-construida-no-brasil","status":"publish","type":"post","link":"https:\/\/diariodepernambuco.audiencelabs.com.br\/fabrica-gigante-que-produz-vacinas-vai-ser-construida-no-brasil\/","title":{"rendered":"F\u00e1brica gigante que produz vacinas vai ser constru\u00edda no Brasil"},"content":{"rendered":"\n<p>Durante a cerim\u00f4nia de posse dos novos membros do Programa Sa\u00fade da Fam\u00edlia, o deputado federal Ricardo Barros (PP) anunciou um avan\u00e7o significativo para a instala\u00e7\u00e3o de uma f\u00e1brica de vacinas contra a varicela em Maring\u00e1\/PR. De acordo com ele, o ministro da Sa\u00fade, Alexandre Padilha, deu aval ao projeto de Parceria para o Desenvolvimento Produtivo (PDP) para a cria\u00e7\u00e3o da unidade.<\/p>\n\n\n\n<p>O investimento estimado \u00e9 de US$ 100 milh\u00f5es (aproximadamente R$ 550 milh\u00f5es). A aprova\u00e7\u00e3o marca a primeira de quatro etapas do processo de PDP, modelo desenvolvido para ampliar o acesso a medicamentos e produtos de sa\u00fade estrat\u00e9gicos para o Sistema \u00danico de Sa\u00fade (SUS).<\/p>\n\n\n\n<p>\u201cTemos mais novidades. O ministro Padilha nos autorizou uma PDP, vacina da varicela com a Sinovac, 100 milh\u00f5es de d\u00f3lares de investimento aqui em Maring\u00e1 para uma f\u00e1brica de vacinas. Isso vai ser muito importante para a consolida\u00e7\u00e3o do nosso polo farmac\u00eautico, polo de medicamentos em Maring\u00e1, e \u00e9 um objetivo que a gente vinha buscando h\u00e1 muito tempo&#8221;, disse Ricardo Barros.<\/p>\n\n\n\n<p>O campus do Instituto de Tecnologia do Paran\u00e1 (Tecpar) em Maring\u00e1 j\u00e1 est\u00e1 em constru\u00e7\u00e3o para receber a nova f\u00e1brica. At\u00e9 o momento, 50% da infraestrutura foi conclu\u00edda, e as obras seguem o cronograma previsto para finaliza\u00e7\u00e3o em 2026. Essa iniciativa tem como objetivo reduzir a depend\u00eancia de importa\u00e7\u00f5es e fortalecer a capacidade do pa\u00eds de responder a surtos.<\/p>\n\n\n\n<p>Al\u00e9m dos benef\u00edcios para a sa\u00fade, o projeto deve gerar empregos e estimular a economia local. Com a nova infraestrutura, o setor farmac\u00eautico da regi\u00e3o tem potencial para crescer significativamente. Embora ainda n\u00e3o haja dados oficiais sobre a quantidade de vagas criadas, o impacto econ\u00f4mico tende a ser expressivo.<\/p>\n","protected":false},"excerpt":{"rendered":"<p>Durante a cerim\u00f4nia de posse dos novos membros do Programa Sa\u00fade da Fam\u00edlia, o deputado federal Ricardo Barros (PP) anunciou um avan\u00e7o significativo para a instala\u00e7\u00e3o de uma f\u00e1brica de vacinas contra a varicela em Maring\u00e1\/PR. De acordo com ele, o ministro da Sa\u00fade, Alexandre Padilha, deu aval ao projeto de Parceria para o Desenvolvimento [&hellip;]<\/p>\n","protected":false},"author":4,"featured_media":3708,"comment_status":"open","ping_status":"open","sticky":false,"template":"","format":"standard","meta":{"jnews-multi-image_gallery":[],"jnews_single_post":[],"jnews_primary_category":[],"jnews_social_meta":[],"jnews_post_split":[],"footnotes":""},"categories":[1],"tags":[],"class_list":["post-3706","post","type-post","status-publish","format-standard","has-post-thumbnail","hentry","category-uncategorized"],"_links":{"self":[{"href":"https:\/\/diariodepernambuco.audiencelabs.com.br\/wp-json\/wp\/v2\/posts\/3706","targetHints":{"allow":["GET"]}}],"collection":[{"href":"https:\/\/diariodepernambuco.audiencelabs.com.br\/wp-json\/wp\/v2\/posts"}],"about":[{"href":"https:\/\/diariodepernambuco.audiencelabs.com.br\/wp-json\/wp\/v2\/types\/post"}],"author":[{"embeddable":true,"href":"https:\/\/diariodepernambuco.audiencelabs.com.br\/wp-json\/wp\/v2\/users\/4"}],"replies":[{"embeddable":true,"href":"https:\/\/diariodepernambuco.audiencelabs.com.br\/wp-json\/wp\/v2\/comments?post=3706"}],"version-history":[{"count":2,"href":"https:\/\/diariodepernambuco.audiencelabs.com.br\/wp-json\/wp\/v2\/posts\/3706\/revisions"}],"predecessor-version":[{"id":3709,"href":"https:\/\/diariodepernambuco.audiencelabs.com.br\/wp-json\/wp\/v2\/posts\/3706\/revisions\/3709"}],"wp:featuredmedia":[{"embeddable":true,"href":"https:\/\/diariodepernambuco.audiencelabs.com.br\/wp-json\/wp\/v2\/media\/3708"}],"wp:attachment":[{"href":"https:\/\/diariodepernambuco.audiencelabs.com.br\/wp-json\/wp\/v2\/media?parent=3706"}],"wp:term":[{"taxonomy":"category","embeddable":true,"href":"https:\/\/diariodepernambuco.audiencelabs.com.br\/wp-json\/wp\/v2\/categories?post=3706"},{"taxonomy":"post_tag","embeddable":true,"href":"https:\/\/diariodepernambuco.audiencelabs.com.br\/wp-json\/wp\/v2\/tags?post=3706"}],"curies":[{"name":"wp","href":"https:\/\/api.w.org\/{rel}","templated":true}]}}