{"id":3714,"date":"2025-09-15T16:04:52","date_gmt":"2025-09-15T19:04:52","guid":{"rendered":"https:\/\/diariodepernambuco.audiencelabs.com.br\/?p=3714"},"modified":"2025-09-15T16:04:55","modified_gmt":"2025-09-15T19:04:55","slug":"brasileiros-recebem-otima-noticia-sobre-feriado-prolongado-em-setembro","status":"publish","type":"post","link":"https:\/\/diariodepernambuco.audiencelabs.com.br\/brasileiros-recebem-otima-noticia-sobre-feriado-prolongado-em-setembro\/","title":{"rendered":"Brasileiros recebem \u00f3tima not\u00edcia sobre feriado prolongado em setembro"},"content":{"rendered":"\n<p>O calend\u00e1rio de 2025 reserva uma pausa especial para milhares de brasileiros: o feriado de 15 de setembro, dedicado a Nossa Senhora das Dores, padroeira de diversas cidades do pa\u00eds. Como a data cair\u00e1 em uma segunda-feira, muitos munic\u00edpios ter\u00e3o tr\u00eas dias de folga, movimentando o turismo, favorecendo a economia local e fortalecendo manifesta\u00e7\u00f5es de f\u00e9.<\/p>\n\n\n\n<h2 class=\"wp-block-heading\">Devo\u00e7\u00e3o e cultura regional<\/h2>\n\n\n\n<p>A celebra\u00e7\u00e3o est\u00e1 enraizada principalmente em cidades do Nordeste e do Sudeste, onde a devo\u00e7\u00e3o \u00e0 santa se mant\u00e9m h\u00e1 d\u00e9cadas. Nessas localidades, o feriado vai al\u00e9m da pr\u00e1tica religiosa, tornando-se tamb\u00e9m um marco cultural, que envolve prociss\u00f5es, romarias e festas populares. Al\u00e9m da espiritualidade, os dias de descanso estimulam viagens curtas e encontros familiares.<\/p>\n\n\n\n<h2 class=\"wp-block-heading\">Leis e decretos que oficializam a data<\/h2>\n\n\n\n<p>O reconhecimento do 15 de setembro como feriado varia de cidade para cidade. Algumas localidades t\u00eam leis municipais que garantem a folga h\u00e1 mais de 50 anos, como em Juazeiro do Norte (CE). Outras confirmam a data por meio de decretos anuais ou calend\u00e1rios oficiais, como ocorre em munic\u00edpios de Pernambuco, Esp\u00edrito Santo, Minas Gerais e S\u00e3o Paulo.<\/p>\n\n\n\n<p>Exemplos:<\/p>\n\n\n\n<ul class=\"wp-block-list\">\n<li><strong>Caruaru (PE):<\/strong> Lei Municipal n\u00ba 2.959\/1985.<\/li>\n\n\n\n<li><strong>Juazeiro do Norte (CE):<\/strong> Lei n\u00ba 335\/1968.<\/li>\n\n\n\n<li><strong>Santa Cruz (PE):<\/strong> Decreto municipal de 2025.<\/li>\n\n\n\n<li><strong>Manten\u00f3polis (ES):<\/strong> reconhecido pelo Tribunal de Justi\u00e7a do estado.<\/li>\n\n\n\n<li><strong>Dores do Indai\u00e1 (MG):<\/strong> registrado no calend\u00e1rio de 2025.<\/li>\n<\/ul>\n\n\n\n<h2 class=\"wp-block-heading\">Cidades que j\u00e1 confirmaram a folga<\/h2>\n\n\n\n<p>Entre os munic\u00edpios que j\u00e1 oficializaram o feriado est\u00e3o Caruaru, Santa Cruz, Condado, S\u00e3o Jos\u00e9 do Belmonte e Triunfo, em Pernambuco. No Cear\u00e1, al\u00e9m de Juazeiro do Norte, Assar\u00e9 tamb\u00e9m mant\u00e9m a tradi\u00e7\u00e3o. A lista se estende para cidades da Para\u00edba, Rio Grande do Norte, Maranh\u00e3o, Minas Gerais, Esp\u00edrito Santo, Rio de Janeiro, S\u00e3o Paulo e at\u00e9 Santa Catarina.<\/p>\n\n\n\n<h2 class=\"wp-block-heading\">Impacto para fi\u00e9is e economia<\/h2>\n\n\n\n<p>O 15 de setembro refor\u00e7a a import\u00e2ncia da f\u00e9 popular no calend\u00e1rio brasileiro. Para os fi\u00e9is, \u00e9 dia de homenagens \u00e0 padroeira. Para o com\u00e9rcio e o turismo, o prolongamento do fim de semana deve gerar aumento no consumo, sobretudo em setores ligados \u00e0 alimenta\u00e7\u00e3o, transporte e hospedagem.<\/p>\n\n\n\n<p>Assim, o feriado dedicado a Nossa Senhora das Dores une f\u00e9, cultura e economia, consolidando-se como um dos mais significativos do calend\u00e1rio religioso em v\u00e1rias regi\u00f5es do pa\u00eds.<\/p>\n","protected":false},"excerpt":{"rendered":"<p>O calend\u00e1rio de 2025 reserva uma pausa especial para milhares de brasileiros: o feriado de 15 de setembro, dedicado a Nossa Senhora das Dores, padroeira de diversas cidades do pa\u00eds. Como a data cair\u00e1 em uma segunda-feira, muitos munic\u00edpios ter\u00e3o tr\u00eas dias de folga, movimentando o turismo, favorecendo a economia local e fortalecendo manifesta\u00e7\u00f5es de [&hellip;]<\/p>\n","protected":false},"author":7,"featured_media":3715,"comment_status":"open","ping_status":"open","sticky":false,"template":"","format":"standard","meta":{"jnews-multi-image_gallery":[],"jnews_single_post":{"format":"standard"},"jnews_primary_category":[],"jnews_social_meta":[],"jnews_post_split":[],"footnotes":""},"categories":[1],"tags":[],"class_list":["post-3714","post","type-post","status-publish","format-standard","has-post-thumbnail","hentry","category-uncategorized"],"_links":{"self":[{"href":"https:\/\/diariodepernambuco.audiencelabs.com.br\/wp-json\/wp\/v2\/posts\/3714","targetHints":{"allow":["GET"]}}],"collection":[{"href":"https:\/\/diariodepernambuco.audiencelabs.com.br\/wp-json\/wp\/v2\/posts"}],"about":[{"href":"https:\/\/diariodepernambuco.audiencelabs.com.br\/wp-json\/wp\/v2\/types\/post"}],"author":[{"embeddable":true,"href":"https:\/\/diariodepernambuco.audiencelabs.com.br\/wp-json\/wp\/v2\/users\/7"}],"replies":[{"embeddable":true,"href":"https:\/\/diariodepernambuco.audiencelabs.com.br\/wp-json\/wp\/v2\/comments?post=3714"}],"version-history":[{"count":1,"href":"https:\/\/diariodepernambuco.audiencelabs.com.br\/wp-json\/wp\/v2\/posts\/3714\/revisions"}],"predecessor-version":[{"id":3716,"href":"https:\/\/diariodepernambuco.audiencelabs.com.br\/wp-json\/wp\/v2\/posts\/3714\/revisions\/3716"}],"wp:featuredmedia":[{"embeddable":true,"href":"https:\/\/diariodepernambuco.audiencelabs.com.br\/wp-json\/wp\/v2\/media\/3715"}],"wp:attachment":[{"href":"https:\/\/diariodepernambuco.audiencelabs.com.br\/wp-json\/wp\/v2\/media?parent=3714"}],"wp:term":[{"taxonomy":"category","embeddable":true,"href":"https:\/\/diariodepernambuco.audiencelabs.com.br\/wp-json\/wp\/v2\/categories?post=3714"},{"taxonomy":"post_tag","embeddable":true,"href":"https:\/\/diariodepernambuco.audiencelabs.com.br\/wp-json\/wp\/v2\/tags?post=3714"}],"curies":[{"name":"wp","href":"https:\/\/api.w.org\/{rel}","templated":true}]}}