{"id":3770,"date":"2025-09-17T12:30:00","date_gmt":"2025-09-17T15:30:00","guid":{"rendered":"https:\/\/diariodepernambuco.audiencelabs.com.br\/?p=3770"},"modified":"2025-09-16T10:49:25","modified_gmt":"2025-09-16T13:49:25","slug":"barulho-nunca-escutado-antes-foi-apurado-pela-nasa","status":"publish","type":"post","link":"https:\/\/diariodepernambuco.audiencelabs.com.br\/barulho-nunca-escutado-antes-foi-apurado-pela-nasa\/","title":{"rendered":"Barulho nunca escutado antes foi apurado pela NASA"},"content":{"rendered":"\n<p>Pela primeira vez, astr\u00f4nomos conseguiram captar e converter em som o instante em que um buraco negro foi lan\u00e7ado pelo espa\u00e7o ap\u00f3s se fundir com outro. Esse registro in\u00e9dito foi obtido por meio do estudo das ondas gravitacionais \u2014 pequenas distor\u00e7\u00f5es no tecido do espa\u00e7o-tempo \u2014 detectadas durante um evento ocorrido h\u00e1 2,4 bilh\u00f5es de anos, denominado GW190412.<\/p>\n\n\n\n<p>O estudo, publicado na revista Nature Astronomy, analisou dados obtidos pelos observat\u00f3rios LIGO (EUA), Virgo (It\u00e1lia) e KAGRA (Jap\u00e3o). O evento envolveu dois buracos negros de massas bastante diferentes: um com aproximadamente 30 vezes a massa do Sol e outro com pouco mais de 8. Essa diferen\u00e7a de tamanho resultou em uma fus\u00e3o assim\u00e9trica, que n\u00e3o distribuiu a energia de maneira uniforme.<\/p>\n\n\n\n<p>O resultado foi um \u201crecuo natal\u201d \u2014 um impulso c\u00f3smico que lan\u00e7ou o buraco negro rec\u00e9m-formado a mais de 50 quil\u00f4metros por segundo (aproximadamente 180 mil km\/h). Segundo os cientistas, essa velocidade \u00e9 suficiente para expulsar o objeto at\u00e9 mesmo de aglomerados estelares.<\/p>\n\n\n\n<p>Al\u00e9m da magnitude do fen\u00f4meno, os cientistas ressaltam a inova\u00e7\u00e3o do m\u00e9todo. Pela primeira vez, tornou-se poss\u00edvel n\u00e3o apenas medir a velocidade, mas tamb\u00e9m determinar a dire\u00e7\u00e3o do movimento de um buraco negro ap\u00f3s a fus\u00e3o. Esse avan\u00e7o oferece novas perspectivas para compreender os ambientes em que buracos negros se formam.<\/p>\n\n\n\n<h2 class=\"wp-block-heading\">O que \u00e9 um buraco negro?<\/h2>\n\n\n\n<p>Um buraco negro \u00e9 uma regi\u00e3o do espa\u00e7o onde a for\u00e7a da gravidade \u00e9 t\u00e3o intensa que nada, nem mesmo a luz, consegue escapar dela. Isso acontece quando uma grande quantidade de massa est\u00e1 concentrada em um espa\u00e7o muito pequeno, causando um colapso gravitacional.<\/p>\n\n\n\n<p>Os buracos negros se formam geralmente ap\u00f3s a morte de estrelas muito massivas, que, ao esgotarem seu combust\u00edvel, colapsam sob sua pr\u00f3pria gravidade. No centro do buraco negro est\u00e1 o que se chama de \u201csingularidade\u201d, onde a densidade \u00e9 infinita, e ao seu redor fica o \u201chorizonte de eventos\u201d, que \u00e9 a fronteira al\u00e9m da qual nada pode retornar.<\/p>\n\n\n\n<h2 class=\"wp-block-heading\">Tipos de buracos negros<\/h2>\n\n\n\n<ul class=\"wp-block-list\">\n<li>Buracos negros estelares \u2013 Formam-se a partir do colapso de estrelas muito massivas, com cerca de 3 a 20 vezes a massa do Sol. S\u00e3o os mais comuns e t\u00eam massa relativamente pequena, mas ainda assim milhares de vezes maior que a da Terra.<\/li>\n<\/ul>\n\n\n\n<ul class=\"wp-block-list\">\n<li>Buracos negros supermassivos \u2013 Encontrados no centro da maioria das gal\u00e1xias, incluindo a Via L\u00e1ctea. T\u00eam massas que v\u00e3o de milh\u00f5es a bilh\u00f5es de vezes a massa do Sol. Acredita-se que sejam respons\u00e1veis pela din\u00e2mica das gal\u00e1xias.<\/li>\n<\/ul>\n\n\n\n<ul class=\"wp-block-list\">\n<li>Buracos negros de massa intermedi\u00e1ria \u2013 S\u00e3o buracos negros com massa entre as estelares e supermassivos, mas ainda pouco observados e estudados.<\/li>\n<\/ul>\n\n\n\n<ul class=\"wp-block-list\">\n<li>Buracos negros primordiais (hipot\u00e9ticos) \u2013 Supostamente formados logo ap\u00f3s o Big Bang, com massas variadas, mas ainda n\u00e3o comprovados pela ci\u00eancia.<\/li>\n<\/ul>\n","protected":false},"excerpt":{"rendered":"<p>Pela primeira vez, astr\u00f4nomos conseguiram captar e converter em som o instante em que um buraco negro foi lan\u00e7ado pelo espa\u00e7o ap\u00f3s se fundir com outro. Esse registro in\u00e9dito foi obtido por meio do estudo das ondas gravitacionais \u2014 pequenas distor\u00e7\u00f5es no tecido do espa\u00e7o-tempo \u2014 detectadas durante um evento ocorrido h\u00e1 2,4 bilh\u00f5es de [&hellip;]<\/p>\n","protected":false},"author":4,"featured_media":3772,"comment_status":"open","ping_status":"open","sticky":false,"template":"","format":"standard","meta":{"jnews-multi-image_gallery":[],"jnews_single_post":[],"jnews_primary_category":[],"jnews_social_meta":[],"jnews_post_split":[],"footnotes":""},"categories":[1],"tags":[],"class_list":["post-3770","post","type-post","status-publish","format-standard","has-post-thumbnail","hentry","category-uncategorized"],"_links":{"self":[{"href":"https:\/\/diariodepernambuco.audiencelabs.com.br\/wp-json\/wp\/v2\/posts\/3770","targetHints":{"allow":["GET"]}}],"collection":[{"href":"https:\/\/diariodepernambuco.audiencelabs.com.br\/wp-json\/wp\/v2\/posts"}],"about":[{"href":"https:\/\/diariodepernambuco.audiencelabs.com.br\/wp-json\/wp\/v2\/types\/post"}],"author":[{"embeddable":true,"href":"https:\/\/diariodepernambuco.audiencelabs.com.br\/wp-json\/wp\/v2\/users\/4"}],"replies":[{"embeddable":true,"href":"https:\/\/diariodepernambuco.audiencelabs.com.br\/wp-json\/wp\/v2\/comments?post=3770"}],"version-history":[{"count":3,"href":"https:\/\/diariodepernambuco.audiencelabs.com.br\/wp-json\/wp\/v2\/posts\/3770\/revisions"}],"predecessor-version":[{"id":3774,"href":"https:\/\/diariodepernambuco.audiencelabs.com.br\/wp-json\/wp\/v2\/posts\/3770\/revisions\/3774"}],"wp:featuredmedia":[{"embeddable":true,"href":"https:\/\/diariodepernambuco.audiencelabs.com.br\/wp-json\/wp\/v2\/media\/3772"}],"wp:attachment":[{"href":"https:\/\/diariodepernambuco.audiencelabs.com.br\/wp-json\/wp\/v2\/media?parent=3770"}],"wp:term":[{"taxonomy":"category","embeddable":true,"href":"https:\/\/diariodepernambuco.audiencelabs.com.br\/wp-json\/wp\/v2\/categories?post=3770"},{"taxonomy":"post_tag","embeddable":true,"href":"https:\/\/diariodepernambuco.audiencelabs.com.br\/wp-json\/wp\/v2\/tags?post=3770"}],"curies":[{"name":"wp","href":"https:\/\/api.w.org\/{rel}","templated":true}]}}