{"id":3775,"date":"2025-09-17T13:00:00","date_gmt":"2025-09-17T16:00:00","guid":{"rendered":"https:\/\/diariodepernambuco.audiencelabs.com.br\/?p=3775"},"modified":"2025-09-17T13:56:38","modified_gmt":"2025-09-17T16:56:38","slug":"filmaco-brasileiro-vai-desbancar-ainda-estou-aqui","status":"publish","type":"post","link":"https:\/\/diariodepernambuco.audiencelabs.com.br\/filmaco-brasileiro-vai-desbancar-ainda-estou-aqui\/","title":{"rendered":"Filma\u00e7o brasileiro pode desbancar \u201cAinda Estou Aqui\u201d"},"content":{"rendered":"\n<p>O filme &#8220;O Agente Secreto&#8221;, dirigido pelo pernambucano Kleber Mendon\u00e7a Filho e estrelado por Wagner Moura, foi escolhido para representar o Brasil na disputa por uma das cinco vagas na categoria de Melhor Filme Internacional do Oscar 2026. A decis\u00e3o foi anunciada na \u00faltima segunda-feira (15) pela Academia Brasileira de Cinema.<\/p>\n\n\n\n<p>A Comiss\u00e3o de Sele\u00e7\u00e3o escolheu o filme de Mendon\u00e7a entre os seis t\u00edtulos nacionais que chegaram \u00e0 etapa final da disputa pela vaga. O an\u00fancio foi feito por Sara Silveira, produtora de cinema e atual presidente da comiss\u00e3o.<\/p>\n\n\n\n<p>&#8220;A gente t\u00e1 tendo a oportunidade de fazer uma escolha p\u00f3s vit\u00f3ria no \u00faltimo Oscar com o filme Ainda Estou Aqui. Ent\u00e3o, tenho a honra de aqui anunciar para o Brasil, para o mundo, O Agente Secreto como nosso representante para no Oscar, com dire\u00e7\u00e3o de Kleber Mendon\u00e7a e todo o aparato que esse filme construiu com os pr\u00eamios magn\u00edficos&#8221;, disse Sara.<\/p>\n\n\n\n<p>&#8220;O Agente Secreto&#8221; conquistou recentemente premia\u00e7\u00f5es de destaque que consolidaram o filme como favorito. No Festival de Cinema de Cannes deste ano, Wagner Moura recebeu o pr\u00eamio de melhor ator, enquanto Kleber Mendon\u00e7a Filho foi reconhecido como melhor diretor. O longa tamb\u00e9m foi agraciado com o pr\u00eamio da cr\u00edtica internacional e o pr\u00eamio dos exibidores independentes da Fran\u00e7a.<\/p>\n\n\n\n<p>Cr\u00edticos brasileiros e internacionais acreditam que o filme brasileiro tem potencial para concorrer em outras categorias quando os indicados ao Oscar forem anunciados no pr\u00f3ximo ano. No mercado global, O Agente Secreto ser\u00e1 distribu\u00eddo e ter\u00e1 sua campanha para a premia\u00e7\u00e3o conduzida pela Neon, respons\u00e1vel por recentes vencedores do Oscar, como Anora e Parasita.<\/p>\n\n\n\n<p>Neste ano, o Brasil conquistou pela primeira vez o Oscar de Melhor Filme Internacional com Ainda Estou Aqui, dirigido por Walter Salles e estrelado por Fernanda Torres, que tamb\u00e9m foi indicada na categoria de Melhor Atriz, mas n\u00e3o venceu. Os indicados ao Oscar 2026 ser\u00e3o anunciados em 22 de janeiro.<\/p>\n","protected":false},"excerpt":{"rendered":"<p>O filme &#8220;O Agente Secreto&#8221;, dirigido pelo pernambucano Kleber Mendon\u00e7a Filho e estrelado por Wagner Moura, foi escolhido para representar o Brasil na disputa por uma das cinco vagas na categoria de Melhor Filme Internacional do Oscar 2026. A decis\u00e3o foi anunciada na \u00faltima segunda-feira (15) pela Academia Brasileira de Cinema. A Comiss\u00e3o de Sele\u00e7\u00e3o [&hellip;]<\/p>\n","protected":false},"author":4,"featured_media":3776,"comment_status":"open","ping_status":"open","sticky":false,"template":"","format":"standard","meta":{"jnews-multi-image_gallery":[],"jnews_single_post":[],"jnews_primary_category":[],"jnews_social_meta":[],"jnews_post_split":[],"footnotes":""},"categories":[1],"tags":[],"class_list":["post-3775","post","type-post","status-publish","format-standard","has-post-thumbnail","hentry","category-uncategorized"],"_links":{"self":[{"href":"https:\/\/diariodepernambuco.audiencelabs.com.br\/wp-json\/wp\/v2\/posts\/3775","targetHints":{"allow":["GET"]}}],"collection":[{"href":"https:\/\/diariodepernambuco.audiencelabs.com.br\/wp-json\/wp\/v2\/posts"}],"about":[{"href":"https:\/\/diariodepernambuco.audiencelabs.com.br\/wp-json\/wp\/v2\/types\/post"}],"author":[{"embeddable":true,"href":"https:\/\/diariodepernambuco.audiencelabs.com.br\/wp-json\/wp\/v2\/users\/4"}],"replies":[{"embeddable":true,"href":"https:\/\/diariodepernambuco.audiencelabs.com.br\/wp-json\/wp\/v2\/comments?post=3775"}],"version-history":[{"count":3,"href":"https:\/\/diariodepernambuco.audiencelabs.com.br\/wp-json\/wp\/v2\/posts\/3775\/revisions"}],"predecessor-version":[{"id":3924,"href":"https:\/\/diariodepernambuco.audiencelabs.com.br\/wp-json\/wp\/v2\/posts\/3775\/revisions\/3924"}],"wp:featuredmedia":[{"embeddable":true,"href":"https:\/\/diariodepernambuco.audiencelabs.com.br\/wp-json\/wp\/v2\/media\/3776"}],"wp:attachment":[{"href":"https:\/\/diariodepernambuco.audiencelabs.com.br\/wp-json\/wp\/v2\/media?parent=3775"}],"wp:term":[{"taxonomy":"category","embeddable":true,"href":"https:\/\/diariodepernambuco.audiencelabs.com.br\/wp-json\/wp\/v2\/categories?post=3775"},{"taxonomy":"post_tag","embeddable":true,"href":"https:\/\/diariodepernambuco.audiencelabs.com.br\/wp-json\/wp\/v2\/tags?post=3775"}],"curies":[{"name":"wp","href":"https:\/\/api.w.org\/{rel}","templated":true}]}}