{"id":3779,"date":"2025-09-17T14:00:00","date_gmt":"2025-09-17T17:00:00","guid":{"rendered":"https:\/\/diariodepernambuco.audiencelabs.com.br\/?p=3779"},"modified":"2025-09-16T11:07:09","modified_gmt":"2025-09-16T14:07:09","slug":"donald-trump-surpreende-e-decide-punir-o-brasil-drasticamente","status":"publish","type":"post","link":"https:\/\/diariodepernambuco.audiencelabs.com.br\/donald-trump-surpreende-e-decide-punir-o-brasil-drasticamente\/","title":{"rendered":"Donald Trump surpreende e decide punir o Brasil drasticamente"},"content":{"rendered":"\n<p>O secret\u00e1rio de Estado dos Estados Unidos, Marco Rubio, declarou nesta segunda-feira (15) <a href=\"https:\/\/www.diariodepernambuco.com.br\/rubio-volta-a-ameacar-o-brasil-com-mais-sancoes-em-resposta-a-condenacao-de-bolsonaro.html\" data-type=\"link\" data-id=\"https:\/\/www.diariodepernambuco.com.br\/rubio-volta-a-ameacar-o-brasil-com-mais-sancoes-em-resposta-a-condenacao-de-bolsonaro.html\" target=\"_blank\" rel=\"noopener\">que o governo de Donald Trump deve adotar novas medidas contra o Brasil em raz\u00e3o da condena\u00e7\u00e3o do ex-presidente Jair Bolsonaro (PL)<\/a>. Durante visita a Israel, Rubio foi questionado sobre a decis\u00e3o do Supremo Tribunal Federal (STF), que imp\u00f4s a Bolsonaro uma pena de 27 anos.<\/p>\n\n\n\n<p>&#8220;Bem, a resposta \u00e9 que o Estado de Direito est\u00e1 se rompendo. Voc\u00ea tem esses ju\u00edzes ativistas, um em particular, que n\u00e3o apenas foi atr\u00e1s de Bolsonaro, como tentou exercer reivindica\u00e7\u00f5es extraterritoriais at\u00e9 mesmo contra cidad\u00e3os americanos ou contra algu\u00e9m que posta online a partir dos Estados Unidos, e, na verdade, amea\u00e7ou ir ainda mais longe nesse aspecto&#8221;, disse Rubio.<\/p>\n\n\n\n<p>Em seguida, o secret\u00e1rio indicou que os Estados Unidos podem implementar novas san\u00e7\u00f5es contra o Brasil em breve. Al\u00e9m disso, Rubio declarou que a condena\u00e7\u00e3o de Bolsonaro &#8220;\u00e9 apenas mais um cap\u00edtulo de uma crescente campanha de opress\u00e3o judicial que tentou atingir empresas americanas e at\u00e9 pessoas que operam a partir dos Estados Unidos&#8221;.<\/p>\n\n\n\n<p>Quando a pris\u00e3o de Bolsonaro foi decretada, o governo de Donald Trump divulgou uma nota condenando a decis\u00e3o e classificando-a como uma &#8220;amea\u00e7a \u00e0 democracia&#8221;. Em julho, o presidente americano enviou uma carta ao presidente Luiz In\u00e1cio Lula da Silva (PT), anunciando a aplica\u00e7\u00e3o de tarifas adicionais de 50% sobre todos os produtos brasileiros vendidos aos Estados Unidos.<\/p>\n\n\n\n<h2 class=\"wp-block-heading\">Os impactos das san\u00e7\u00f5es de Trump sobre o Brasil<\/h2>\n\n\n\n<ol class=\"wp-block-list\">\n<li>Aumento do custo de exporta\u00e7\u00e3o:<\/li>\n<\/ol>\n\n\n\n<ul class=\"wp-block-list\">\n<li>As tarifas adicionais de 50% elevam significativamente o pre\u00e7o dos produtos brasileiros nos Estados Unidos.<\/li>\n\n\n\n<li>Isso torna os produtos menos competitivos frente a concorrentes de outros pa\u00edses, podendo reduzir as vendas brasileiras no mercado americano.<\/li>\n<\/ul>\n\n\n\n<ol start=\"2\" class=\"wp-block-list\">\n<li>Queda potencial nas exporta\u00e7\u00f5es:<\/li>\n<\/ol>\n\n\n\n<ul class=\"wp-block-list\">\n<li>Setores mais afetados incluem commodities, alimentos processados e produtos manufaturados, que s\u00e3o fortemente exportados para os EUA.<\/li>\n\n\n\n<li>Uma redu\u00e7\u00e3o nas vendas pode afetar a balan\u00e7a comercial do Brasil e pressionar alguns setores industriais e agr\u00edcolas.<\/li>\n<\/ul>\n\n\n\n<ol start=\"3\" class=\"wp-block-list\">\n<li>Impacto na economia interna:<\/li>\n<\/ol>\n\n\n\n<ul class=\"wp-block-list\">\n<li>Menor demanda externa pode gerar redu\u00e7\u00e3o de empregos em setores exportadores.<\/li>\n\n\n\n<li>Pode haver tamb\u00e9m aumento da infla\u00e7\u00e3o interna, caso os exportadores repassem parte dos custos adicionais ao mercado dom\u00e9stico.<\/li>\n<\/ul>\n\n\n\n<ol start=\"4\" class=\"wp-block-list\">\n<li>Press\u00e3o diplom\u00e1tica e pol\u00edtica:<\/li>\n<\/ol>\n\n\n\n<ul class=\"wp-block-list\">\n<li>A condena\u00e7\u00e3o da pris\u00e3o de Bolsonaro foi percebida como interfer\u00eancia em assuntos internos, aumentando tens\u00f5es diplom\u00e1ticas.<\/li>\n\n\n\n<li>Isso pode influenciar futuras negocia\u00e7\u00f5es comerciais ou coopera\u00e7\u00e3o entre os pa\u00edses.<\/li>\n<\/ul>\n\n\n\n<ol start=\"5\" class=\"wp-block-list\">\n<li>Incentivo \u00e0 diversifica\u00e7\u00e3o de mercados:<\/li>\n<\/ol>\n\n\n\n<ul class=\"wp-block-list\">\n<li>Para driblar tarifas elevadas, o Brasil pode buscar novos mercados internacionais, reduzindo depend\u00eancia dos EUA.<\/li>\n\n\n\n<li>Isso pode gerar novas parcerias comerciais, mas tamb\u00e9m exige tempo e investimento.<\/li>\n<\/ul>\n\n\n\n<p><\/p>\n","protected":false},"excerpt":{"rendered":"<p>O secret\u00e1rio de Estado dos Estados Unidos, Marco Rubio, declarou nesta segunda-feira (15) que o governo de Donald Trump deve adotar novas medidas contra o Brasil em raz\u00e3o da condena\u00e7\u00e3o do ex-presidente Jair Bolsonaro (PL). Durante visita a Israel, Rubio foi questionado sobre a decis\u00e3o do Supremo Tribunal Federal (STF), que imp\u00f4s a Bolsonaro uma [&hellip;]<\/p>\n","protected":false},"author":4,"featured_media":1232,"comment_status":"open","ping_status":"open","sticky":false,"template":"","format":"standard","meta":{"jnews-multi-image_gallery":[],"jnews_single_post":{"format":"standard"},"jnews_primary_category":[],"jnews_social_meta":[],"jnews_post_split":[],"footnotes":""},"categories":[1],"tags":[],"class_list":["post-3779","post","type-post","status-publish","format-standard","has-post-thumbnail","hentry","category-uncategorized"],"_links":{"self":[{"href":"https:\/\/diariodepernambuco.audiencelabs.com.br\/wp-json\/wp\/v2\/posts\/3779","targetHints":{"allow":["GET"]}}],"collection":[{"href":"https:\/\/diariodepernambuco.audiencelabs.com.br\/wp-json\/wp\/v2\/posts"}],"about":[{"href":"https:\/\/diariodepernambuco.audiencelabs.com.br\/wp-json\/wp\/v2\/types\/post"}],"author":[{"embeddable":true,"href":"https:\/\/diariodepernambuco.audiencelabs.com.br\/wp-json\/wp\/v2\/users\/4"}],"replies":[{"embeddable":true,"href":"https:\/\/diariodepernambuco.audiencelabs.com.br\/wp-json\/wp\/v2\/comments?post=3779"}],"version-history":[{"count":3,"href":"https:\/\/diariodepernambuco.audiencelabs.com.br\/wp-json\/wp\/v2\/posts\/3779\/revisions"}],"predecessor-version":[{"id":3782,"href":"https:\/\/diariodepernambuco.audiencelabs.com.br\/wp-json\/wp\/v2\/posts\/3779\/revisions\/3782"}],"wp:featuredmedia":[{"embeddable":true,"href":"https:\/\/diariodepernambuco.audiencelabs.com.br\/wp-json\/wp\/v2\/media\/1232"}],"wp:attachment":[{"href":"https:\/\/diariodepernambuco.audiencelabs.com.br\/wp-json\/wp\/v2\/media?parent=3779"}],"wp:term":[{"taxonomy":"category","embeddable":true,"href":"https:\/\/diariodepernambuco.audiencelabs.com.br\/wp-json\/wp\/v2\/categories?post=3779"},{"taxonomy":"post_tag","embeddable":true,"href":"https:\/\/diariodepernambuco.audiencelabs.com.br\/wp-json\/wp\/v2\/tags?post=3779"}],"curies":[{"name":"wp","href":"https:\/\/api.w.org\/{rel}","templated":true}]}}